{"id":204955,"date":"2022-01-09T21:36:24","date_gmt":"2022-01-10T01:36:24","guid":{"rendered":"https:\/\/elluchador.info\/web\/?p=204955"},"modified":"2022-01-09T21:36:24","modified_gmt":"2022-01-10T01:36:24","slug":"llego-a-mexico-primer-caso-de-flurona","status":"publish","type":"post","link":"https:\/\/elluchador.info\/?p=204955","title":{"rendered":"LLeg\u00f3 a M\u00e9xico primer caso de flurona"},"content":{"rendered":"<p>\u00abTenemos el primer caso de coinfecci\u00f3n, covid e influenza, en femenino de 28 a\u00f1os de aqu\u00ed de Tepic\u00bb, dijo en conferencia de prensa,\u00a0<strong>Jos\u00e9 Francisco Mungu\u00eda P\u00e9rez<\/strong>, secretario de salud de Nayarit.<\/p>\n<p>M\u00e9xico confirm\u00f3 el primer caso de flurona, infecci\u00f3n que es una combinaci\u00f3n de influenza y covid-19, en una mujer de 28 a\u00f1os, en el noroccidental estado de Nayarit, informaron autoridades de salud estatales.<\/p>\n<p>Asimismo, dijo que tan pronto fue detectado este caso \u00a0de inmediato se aisl\u00f3 a la mujer, quien ya se encuentra recibiendo tratamiento m\u00e9dico.<\/p>\n<p>El funcionario inform\u00f3 que, adem\u00e1s, se registr\u00f3 un caso de la variante \u00f3micron de covid-19, por lo que est\u00e1n en alerta m\u00e1xima y se reforzaron las restricciones sanitarias, por lo que se anunci\u00f3 la suspensi\u00f3n de clases presenciales durante los pr\u00f3ximos 12 d\u00edas, cierre de algunos espacios p\u00fablicos, eventos deportivos, misas y actos religiosos entre otros.<\/p>\n<p>\u00abQueremos evitar un colapso hospitalario y que empiecen a presentarse defunciones, son medidas dr\u00e1sticas que duelen a la econom\u00eda pero esta es la forma de romper la cadena de transmisi\u00f3n\u00bb, dijo.<\/p>\n<p>M\u00e1s tarde, Alejandra Natali Vega Maga\u00f1a, jefa de laboratorio de Diagn\u00f3stico de Enfermedades Emergentes y Remergentes de la Universidad de Guadalajara (UdeG), inform\u00f3 de la detecci\u00f3n de dos casos m\u00e1s de flurona en el occidental estado de Jalisco.<\/p>\n<p>\u201cCon el kit de diagn\u00f3stico COVID FLU, que tiene como misi\u00f3n realizar al mismo tiempo el diagn\u00f3stico del SARS-Cov-2 e influenza A y B, un plus creado por la UdeG y la empresa Genes2Life, se logr\u00f3 detectar dos casos de la nueva variante flurona, una coinfecci\u00f3n de COVID e Influenza. Estos dos casos no son graves y han sido muy recientes\u201d, precis\u00f3 en un comunicado.<\/p>\n<p>Pese al inter\u00e9s generado por esta situaci\u00f3n, que deriv\u00f3 en el neologismo, la flurona no es una novedad y ya se registr\u00f3 en otros pa\u00edses, como Estados Unidos, donde hubo casos de pacientes con la doble infecci\u00f3n en 2020.<\/p>\n<p>En Am\u00e9rica Latina, Brasil fue el primer pa\u00eds en detectar esta coinfecci\u00f3n y el 6 de enero Per\u00fa inform\u00f3 que tres personas se contagiaron en la regi\u00f3n selv\u00e1tica de Amazonas, una de las cuales falleci\u00f3.<\/p>\n<p>EFE<\/p>\n","protected":false},"excerpt":{"rendered":"<p>\u00abTenemos el primer caso de coinfecci\u00f3n, covid e influenza, en femenino de 28 a\u00f1os de aqu\u00ed de Tepic\u00bb, dijo en conferencia de prensa,\u00a0Jos\u00e9 Francisco Mungu\u00eda P\u00e9rez, secretario de salud de Nayarit. M\u00e9xico confirm\u00f3 el primer caso de flurona, infecci\u00f3n que es una combinaci\u00f3n de influenza y covid-19, en una mujer de 28 a\u00f1os, en el [&hellip;]<\/p>\n","protected":false},"author":2,"featured_media":204956,"comment_status":"closed","ping_status":"closed","sticky":false,"template":"","format":"standard","meta":{"footnotes":""},"categories":[5,8,19],"tags":[],"class_list":{"0":"post-204955","1":"post","2":"type-post","3":"status-publish","4":"format-standard","5":"has-post-thumbnail","7":"category-destacado","8":"category-internacionales","9":"category-salud"},"_links":{"self":[{"href":"https:\/\/elluchador.info\/index.php?rest_route=\/wp\/v2\/posts\/204955","targetHints":{"allow":["GET"]}}],"collection":[{"href":"https:\/\/elluchador.info\/index.php?rest_route=\/wp\/v2\/posts"}],"about":[{"href":"https:\/\/elluchador.info\/index.php?rest_route=\/wp\/v2\/types\/post"}],"author":[{"embeddable":true,"href":"https:\/\/elluchador.info\/index.php?rest_route=\/wp\/v2\/users\/2"}],"replies":[{"embeddable":true,"href":"https:\/\/elluchador.info\/index.php?rest_route=%2Fwp%2Fv2%2Fcomments&post=204955"}],"version-history":[{"count":1,"href":"https:\/\/elluchador.info\/index.php?rest_route=\/wp\/v2\/posts\/204955\/revisions"}],"predecessor-version":[{"id":204957,"href":"https:\/\/elluchador.info\/index.php?rest_route=\/wp\/v2\/posts\/204955\/revisions\/204957"}],"wp:featuredmedia":[{"embeddable":true,"href":"https:\/\/elluchador.info\/index.php?rest_route=\/wp\/v2\/media\/204956"}],"wp:attachment":[{"href":"https:\/\/elluchador.info\/index.php?rest_route=%2Fwp%2Fv2%2Fmedia&parent=204955"}],"wp:term":[{"taxonomy":"category","embeddable":true,"href":"https:\/\/elluchador.info\/index.php?rest_route=%2Fwp%2Fv2%2Fcategories&post=204955"},{"taxonomy":"post_tag","embeddable":true,"href":"https:\/\/elluchador.info\/index.php?rest_route=%2Fwp%2Fv2%2Ftags&post=204955"}],"curies":[{"name":"wp","href":"https:\/\/api.w.org\/{rel}","templated":true}]}}