{"id":204979,"date":"2022-01-10T10:37:02","date_gmt":"2022-01-10T14:37:02","guid":{"rendered":"https:\/\/elluchador.info\/web\/?p=204979"},"modified":"2022-01-10T10:37:02","modified_gmt":"2022-01-10T14:37:02","slug":"sergio-garrido-es-el-nuevo-gobenador-de-barinas","status":"publish","type":"post","link":"https:\/\/elluchador.info\/?p=204979","title":{"rendered":"Sergio Garrido es el nuevo gobenador de Barinas"},"content":{"rendered":"<p>Sergio Garrido, representante de la Mesa de la Unidad Democr\u00e1tica, fue electo este domingo como el nuevo gobernador del estado Barinas, luego de obtener 172.497 votos, 55,36%, de acuerdo con el primer bolet\u00edn de la Junta Regional Electoral de la entidad llanera.<\/p>\n<p>El candidato del Partido Socialista Unido de Venezuela, Jorge Arreaza, obtuvo por su parte el 41,27% (128.583 votos).\u00a0En tercer lugar se ubic\u00f3 el candidato Claudio Ferm\u00edn de Alianza Democr\u00e1tica con el 1,77% (5.996 votos).<\/p>\n<p>La participaci\u00f3n en estas elecciones fue del 51.89% del padr\u00f3n electoral.<\/p>\n<h2>\u00bfQui\u00e9n es Sergio Garrido?<\/h2>\n<p>Garrido fue electo diputado al Consejo Legislativo el pasado 21 de noviembre.<\/p>\n<p>El dirigente naci\u00f3 el 2 de noviembre de 1967 en el antiguo Hospital Luis Razetti de Barinas y comenz\u00f3 su carrera pol\u00edtica a los 16 a\u00f1os de edad, cuando ingres\u00f3 a las filas del partido Acci\u00f3n Democr\u00e1tica.<\/p>\n<p>En la tolda blanca ha ejercido cargos como secretario juvenil parroquial, municipal y regional; responsable de Educaci\u00f3n Municipal del Bur\u00f3 Juvenil, secretario pol\u00edtico del Comit\u00e9 Ejecutivo Seccional, secretario de Organizaci\u00f3n Seccional y actualmente es el secretario general seccional de AD.<\/p>\n<p>Garrido fue secretario de la extinta Asamblea Legislativa y luego subsecretario del Consejo Legislativo. Posteriormente result\u00f3 electo concejal durante la gesti\u00f3n de Jos\u00e9 Luis Mach\u00edn como alcalde, de 2013 a 2017, y presidi\u00f3 la C\u00e1mara Edilicia del municipio Barinas en el per\u00edodo 2015-2016.<\/p>\n<p>El pasado mes de agosto declin\u00f3 sus aspiraciones a la Alcald\u00eda de Barinas y accedi\u00f3 a ser postulado como cabeza de lista para el Consejo Legislativo por las organizaciones que conforman el Frente Amplio y la MUD.<\/p>\n<p>Se desempe\u00f1\u00f3 como coordinador regional del Frente Amplio hasta que se postul\u00f3 como diputado al Parlamento del estado, donde result\u00f3 electo.<\/p>\n<p>En noviembre, el dirigente pol\u00edtico Freddy Superlano inform\u00f3 que Sergio Garrido ser\u00eda el nuevo candidato de la MUD para los comicios programados para este domingo en el estado Barinas, tras confirmar con el Consejo Nacional Electoral que no existen inconvenientes para su postulaci\u00f3n como aspirante a la gobernaci\u00f3n de ese estado.<\/p>\n<p>\u201cHoy acepto la tarea que me han confiado de manera unitaria fuerzas vivas de mi tierra natal y los partidos de la Alianza Democr\u00e1tica para hacer de Barinas una tierra de bienestar e inclusi\u00f3n. \u00a1Vamos unidos por Barinas!\u201d, escribi\u00f3 Garrido en Twitter.<\/p>\n<h2>Elecciones en Barinas<\/h2>\n<p>Roberto Pic\u00f3n, uno de los dos rectores de oposici\u00f3n del CNE, confirm\u00f3 que Freddy Superlano, postulado por la Mesa de la Unidad Democr\u00e1tica, gan\u00f3 en Barinas el pasado 21 de noviembre con al menos 130 votos de diferencia por encima de Argenis Ch\u00e1vez, quien buscaba la reelecci\u00f3n.<\/p>\n<p>Sin embargo, el Tribunal Supremo de Justicia orden\u00f3 la suspensi\u00f3n de la totalizaci\u00f3n porque supuestamente el opositor estaba inhabilitado pol\u00edticamente y orden\u00f3 que se repitiera el proceso el 9 de enero.<\/p>\n<p>La misma medida tambi\u00e9n fue aplicada a su esposa, Aurora Silva de Superlano, quien nunca hab\u00eda ejercido cargos p\u00fablicos, y Julio C\u00e9sar Reyes. Hasta ahora se desconocen los motivos por los que fueron inhabilitados.<\/p>\n<p><strong>El Nacional<\/strong><\/p>\n","protected":false},"excerpt":{"rendered":"<p>Sergio Garrido, representante de la Mesa de la Unidad Democr\u00e1tica, fue electo este domingo como el nuevo gobernador del estado Barinas, luego de obtener 172.497 votos, 55,36%, de acuerdo con el primer bolet\u00edn de la Junta Regional Electoral de la entidad llanera. El candidato del Partido Socialista Unido de Venezuela, Jorge Arreaza, obtuvo por su [&hellip;]<\/p>\n","protected":false},"author":2,"featured_media":204980,"comment_status":"closed","ping_status":"closed","sticky":false,"template":"","format":"standard","meta":{"footnotes":""},"categories":[5,11],"tags":[],"class_list":{"0":"post-204979","1":"post","2":"type-post","3":"status-publish","4":"format-standard","5":"has-post-thumbnail","7":"category-destacado","8":"category-politica"},"_links":{"self":[{"href":"https:\/\/elluchador.info\/index.php?rest_route=\/wp\/v2\/posts\/204979","targetHints":{"allow":["GET"]}}],"collection":[{"href":"https:\/\/elluchador.info\/index.php?rest_route=\/wp\/v2\/posts"}],"about":[{"href":"https:\/\/elluchador.info\/index.php?rest_route=\/wp\/v2\/types\/post"}],"author":[{"embeddable":true,"href":"https:\/\/elluchador.info\/index.php?rest_route=\/wp\/v2\/users\/2"}],"replies":[{"embeddable":true,"href":"https:\/\/elluchador.info\/index.php?rest_route=%2Fwp%2Fv2%2Fcomments&post=204979"}],"version-history":[{"count":1,"href":"https:\/\/elluchador.info\/index.php?rest_route=\/wp\/v2\/posts\/204979\/revisions"}],"predecessor-version":[{"id":204981,"href":"https:\/\/elluchador.info\/index.php?rest_route=\/wp\/v2\/posts\/204979\/revisions\/204981"}],"wp:featuredmedia":[{"embeddable":true,"href":"https:\/\/elluchador.info\/index.php?rest_route=\/wp\/v2\/media\/204980"}],"wp:attachment":[{"href":"https:\/\/elluchador.info\/index.php?rest_route=%2Fwp%2Fv2%2Fmedia&parent=204979"}],"wp:term":[{"taxonomy":"category","embeddable":true,"href":"https:\/\/elluchador.info\/index.php?rest_route=%2Fwp%2Fv2%2Fcategories&post=204979"},{"taxonomy":"post_tag","embeddable":true,"href":"https:\/\/elluchador.info\/index.php?rest_route=%2Fwp%2Fv2%2Ftags&post=204979"}],"curies":[{"name":"wp","href":"https:\/\/api.w.org\/{rel}","templated":true}]}}