{"id":204988,"date":"2022-01-10T15:59:36","date_gmt":"2022-01-10T19:59:36","guid":{"rendered":"https:\/\/elluchador.info\/web\/?p=204988"},"modified":"2022-01-10T15:59:36","modified_gmt":"2022-01-10T19:59:36","slug":"ninos-y-ninas-retoman-las-actividades-escolares-en-ciudad-bolivar","status":"publish","type":"post","link":"https:\/\/elluchador.info\/?p=204988","title":{"rendered":"Ni\u00f1os y Ni\u00f1as retoman las actividades escolares en Ciudad Bol\u00edvar"},"content":{"rendered":"<p><span style=\"font-weight: 400;\">Tal cual como estaba establecido y por instrucciones del Ejecutivo nacional, este lunes 10 de enero, los ni\u00f1os y ni\u00f1as de la patria de Bol\u00edvar y Ch\u00e1vez, regresaron a las actividades escolares en el municipio Angostura del Orinoco.<\/span><\/p>\n<p><span style=\"font-weight: 400;\">Marisol Garc\u00eda, directora de Educaci\u00f3n en la entidad, coment\u00f3 que realizaron un recorrido por los planteles municipales para darles la bienvenida a los estudiantes.<\/span><\/p>\n<p><span style=\"font-weight: 400;\">\u201cAqu\u00ed estamos en la Unidad Educativa Municipal Juvenal Montes, reiniciamos las clases con la presencia de los ni\u00f1os y ni\u00f1as (\u2026) Arrancamos el segundo momento pedag\u00f3gico que viene lleno de bendiciones, amor, esperanza y mucha vocaci\u00f3n por parte de la integraci\u00f3n de las maestras y todo el personal administrativo y obrero, pero sobre todo la importancia de nuestros estudiantes\u201d, dijo Garc\u00eda.\u00a0<\/span><\/p>\n<p><span style=\"font-weight: 400;\">Por su parte, la directora de la Unidad Educativa Municipal Manuel Palacio Fajardo, Rosa V\u00e1zquez, indic\u00f3 que poco a poco los ni\u00f1os y ni\u00f1as se han incorporado; asimismo, \u201cinvitamos a los padres y representantes para que traigan a sus hijos a las aulas de clases\u201d.\u00a0<\/span><\/p>\n<p><span style=\"font-weight: 400;\">La directora de Educaci\u00f3n en la entidad, recalc\u00f3 que en este segundo momento pedag\u00f3gico se refuerza el tema de la bioseguridad para que los estudiantes usen su tapabocas, mantengan el distanciamiento social y se laven las manos; tambi\u00e9n, agreg\u00f3 que les dan continuidad a la jornada de vacunaci\u00f3n a los alumnos que a\u00fan no se han inmunizado.<\/span><\/p>\n<p><b>Trabajo en equipo\u00a0<\/b><\/p>\n<p><span style=\"font-weight: 400;\">Garc\u00eda aprovech\u00f3 la ocasi\u00f3n para realizar un chequeo de la infraestructura de las escuelas con el objetivo de saber c\u00f3mo est\u00e1n las instalaciones y as\u00ed hacer los correctivos correspondientes.\u00a0<\/span><\/p>\n<p><span style=\"font-weight: 400;\">\u201cAqu\u00ed estamos como una familia, verificando que todo est\u00e9 bien, viendo qu\u00e9 falta y qu\u00e9 podemos hacer para mejorar los espacios de nuestras instituciones\u201d, manifest\u00f3.\u00a0\u00a0<\/span><\/p>\n<p><span style=\"font-weight: 400;\">La directora de Educaci\u00f3n se\u00f1al\u00f3 que buscan que los estudiantes est\u00e9n c\u00f3modos en las aulas de clases y \u201cse sientan como en una segunda casa\u201d.<\/span><\/p>\n<p><span style=\"font-weight: 400;\">Por otro lado, asegur\u00f3 que Cada Familia Una Escuela en el 2021 brind\u00f3 las herramientas para la formaci\u00f3n y aprendizaje de los m\u00e1s peque\u00f1os, en ese sentido, este seguir\u00e1 activo como complemento.<\/span><\/p>\n<p><b>Planificaci\u00f3n\u00a0<\/b><\/p>\n<p><span style=\"font-weight: 400;\">Garc\u00eda agreg\u00f3 que van a coordinar y planificar un conjunto de actividades para la celebraci\u00f3n del D\u00eda del Maestro para este s\u00e1bado 15 de enero.<\/span><\/p>\n<p><span style=\"font-weight: 400;\">\u201cAs\u00ed es, ya estamos montados en eso, para honrar ese maravilloso trabajo, hombres y mujeres que se han dedicado con amor, dedicaci\u00f3n y compromiso a ense\u00f1ar y crear a los profesionales del ma\u00f1ana\u201d, finaliz\u00f3.<\/span><\/p>\n<p><b>Prensa Alcald\u00eda A\/O<\/b><\/p>\n","protected":false},"excerpt":{"rendered":"<p>Tal cual como estaba establecido y por instrucciones del Ejecutivo nacional, este lunes 10 de enero, los ni\u00f1os y ni\u00f1as de la patria de Bol\u00edvar y Ch\u00e1vez, regresaron a las actividades escolares en el municipio Angostura del Orinoco. Marisol Garc\u00eda, directora de Educaci\u00f3n en la entidad, coment\u00f3 que realizaron un recorrido por los planteles municipales [&hellip;]<\/p>\n","protected":false},"author":2,"featured_media":204990,"comment_status":"closed","ping_status":"closed","sticky":false,"template":"","format":"standard","meta":{"footnotes":""},"categories":[5,20],"tags":[],"class_list":{"0":"post-204988","1":"post","2":"type-post","3":"status-publish","4":"format-standard","5":"has-post-thumbnail","7":"category-destacado","8":"category-municipal"},"_links":{"self":[{"href":"https:\/\/elluchador.info\/index.php?rest_route=\/wp\/v2\/posts\/204988","targetHints":{"allow":["GET"]}}],"collection":[{"href":"https:\/\/elluchador.info\/index.php?rest_route=\/wp\/v2\/posts"}],"about":[{"href":"https:\/\/elluchador.info\/index.php?rest_route=\/wp\/v2\/types\/post"}],"author":[{"embeddable":true,"href":"https:\/\/elluchador.info\/index.php?rest_route=\/wp\/v2\/users\/2"}],"replies":[{"embeddable":true,"href":"https:\/\/elluchador.info\/index.php?rest_route=%2Fwp%2Fv2%2Fcomments&post=204988"}],"version-history":[{"count":1,"href":"https:\/\/elluchador.info\/index.php?rest_route=\/wp\/v2\/posts\/204988\/revisions"}],"predecessor-version":[{"id":204991,"href":"https:\/\/elluchador.info\/index.php?rest_route=\/wp\/v2\/posts\/204988\/revisions\/204991"}],"wp:featuredmedia":[{"embeddable":true,"href":"https:\/\/elluchador.info\/index.php?rest_route=\/wp\/v2\/media\/204990"}],"wp:attachment":[{"href":"https:\/\/elluchador.info\/index.php?rest_route=%2Fwp%2Fv2%2Fmedia&parent=204988"}],"wp:term":[{"taxonomy":"category","embeddable":true,"href":"https:\/\/elluchador.info\/index.php?rest_route=%2Fwp%2Fv2%2Fcategories&post=204988"},{"taxonomy":"post_tag","embeddable":true,"href":"https:\/\/elluchador.info\/index.php?rest_route=%2Fwp%2Fv2%2Ftags&post=204988"}],"curies":[{"name":"wp","href":"https:\/\/api.w.org\/{rel}","templated":true}]}}