{"id":205264,"date":"2022-01-16T18:53:03","date_gmt":"2022-01-16T22:53:03","guid":{"rendered":"https:\/\/elluchador.info\/web\/?p=205264"},"modified":"2022-01-16T18:53:03","modified_gmt":"2022-01-16T22:53:03","slug":"el-callao-dio-inicio-a-las-fiestas-carnestolendas-con-el-popular-grito-de-carnaval","status":"publish","type":"post","link":"https:\/\/elluchador.info\/?p=205264","title":{"rendered":"El Callao dio inicio a las fiestas carnestolendas con el popular \u00abGrito de Carnaval\u00bb"},"content":{"rendered":"<p>Como es tradici\u00f3n, el municipio El Callao dio inicio a las fiestas carnestolendas con el popular \u00abGrito de Carnaval\u00bb, este s\u00e1bado 15 de enero.<\/p>\n<p>El estadio H\u00e9ctor Thomas, ubicado en la localidad de El Callao, se llen\u00f3 de colores, disfraces y pobladores que desfilaron al son del calipso, para as\u00ed dar inicio oficial al Carnaval 2022.<\/p>\n<p>La actividad inici\u00f3 a las 2 de la tarde con agrupaciones infantiles, \u00absemilleros\u00bb que continuar\u00e1n con la tradici\u00f3n del carnaval. A ellos se sumaron agrupaciones populares de calipso como Nueva Onda, The Same People, Fundaci\u00f3n Carlos Mall, entre otros, para un total de 20, que celebraron los 54 a\u00f1os de estas populares fiestas.<\/p>\n<p>El alcalde Coromoto Lugo resalt\u00f3 que, aun cuando el carnaval 2022 no ser\u00e1 como lo esperado, adelant\u00f3 que el pr\u00f3ximo a\u00f1o \u00abs\u00ed se podr\u00e1 disfrutar de unos buenos carnavales\u00bb, precis\u00f3.<\/p>\n<p>Lugo explic\u00f3 que est\u00e1 trabajando junto al gobernador \u00c1ngel Marcano para reparar la vialidad y facilitar el tr\u00e1nstio de turistas evit\u00e1ndoles cualquier contratiempo para llegar a la poblaci\u00f3n y disfrutar de las fiestas.<\/p>\n<p>Record\u00f3 que el lema para estos d\u00edas es \u00absin vacuna no hay carnaval\u00bb, esto como una forma de concienciar a la poblaci\u00f3n y turistas que decidan visitar El Callao.<\/p>\n<p><img loading=\"lazy\" decoding=\"async\" class=\"alignnone size-medium wp-image-205265\" src=\"https:\/\/elluchador.info\/web\/wp-content\/uploads\/2022\/01\/el_callao_grito_carnaval-300x225.jpg\" alt=\"\" width=\"300\" height=\"225\" srcset=\"https:\/\/elluchador.info\/wp-content\/uploads\/2022\/01\/el_callao_grito_carnaval-300x225.jpg 300w, https:\/\/elluchador.info\/wp-content\/uploads\/2022\/01\/el_callao_grito_carnaval-768x576.jpg 768w, https:\/\/elluchador.info\/wp-content\/uploads\/2022\/01\/el_callao_grito_carnaval-560x420.jpg 560w, https:\/\/elluchador.info\/wp-content\/uploads\/2022\/01\/el_callao_grito_carnaval-80x60.jpg 80w, https:\/\/elluchador.info\/wp-content\/uploads\/2022\/01\/el_callao_grito_carnaval-100x75.jpg 100w, https:\/\/elluchador.info\/wp-content\/uploads\/2022\/01\/el_callao_grito_carnaval-180x135.jpg 180w, https:\/\/elluchador.info\/wp-content\/uploads\/2022\/01\/el_callao_grito_carnaval-238x178.jpg 238w, https:\/\/elluchador.info\/wp-content\/uploads\/2022\/01\/el_callao_grito_carnaval-640x480.jpg 640w, https:\/\/elluchador.info\/wp-content\/uploads\/2022\/01\/el_callao_grito_carnaval-681x511.jpg 681w, https:\/\/elluchador.info\/wp-content\/uploads\/2022\/01\/el_callao_grito_carnaval.jpg 800w\" sizes=\"auto, (max-width: 300px) 100vw, 300px\" \/><\/p>\n<p>NP<\/p>\n","protected":false},"excerpt":{"rendered":"<p>Como es tradici\u00f3n, el municipio El Callao dio inicio a las fiestas carnestolendas con el popular \u00abGrito de Carnaval\u00bb, este s\u00e1bado 15 de enero. El estadio H\u00e9ctor Thomas, ubicado en la localidad de El Callao, se llen\u00f3 de colores, disfraces y pobladores que desfilaron al son del calipso, para as\u00ed dar inicio oficial al Carnaval [&hellip;]<\/p>\n","protected":false},"author":2,"featured_media":205266,"comment_status":"closed","ping_status":"closed","sticky":false,"template":"","format":"standard","meta":{"footnotes":""},"categories":[5,12],"tags":[],"class_list":{"0":"post-205264","1":"post","2":"type-post","3":"status-publish","4":"format-standard","5":"has-post-thumbnail","7":"category-destacado","8":"category-regionales"},"_links":{"self":[{"href":"https:\/\/elluchador.info\/index.php?rest_route=\/wp\/v2\/posts\/205264","targetHints":{"allow":["GET"]}}],"collection":[{"href":"https:\/\/elluchador.info\/index.php?rest_route=\/wp\/v2\/posts"}],"about":[{"href":"https:\/\/elluchador.info\/index.php?rest_route=\/wp\/v2\/types\/post"}],"author":[{"embeddable":true,"href":"https:\/\/elluchador.info\/index.php?rest_route=\/wp\/v2\/users\/2"}],"replies":[{"embeddable":true,"href":"https:\/\/elluchador.info\/index.php?rest_route=%2Fwp%2Fv2%2Fcomments&post=205264"}],"version-history":[{"count":1,"href":"https:\/\/elluchador.info\/index.php?rest_route=\/wp\/v2\/posts\/205264\/revisions"}],"predecessor-version":[{"id":205267,"href":"https:\/\/elluchador.info\/index.php?rest_route=\/wp\/v2\/posts\/205264\/revisions\/205267"}],"wp:featuredmedia":[{"embeddable":true,"href":"https:\/\/elluchador.info\/index.php?rest_route=\/wp\/v2\/media\/205266"}],"wp:attachment":[{"href":"https:\/\/elluchador.info\/index.php?rest_route=%2Fwp%2Fv2%2Fmedia&parent=205264"}],"wp:term":[{"taxonomy":"category","embeddable":true,"href":"https:\/\/elluchador.info\/index.php?rest_route=%2Fwp%2Fv2%2Fcategories&post=205264"},{"taxonomy":"post_tag","embeddable":true,"href":"https:\/\/elluchador.info\/index.php?rest_route=%2Fwp%2Fv2%2Ftags&post=205264"}],"curies":[{"name":"wp","href":"https:\/\/api.w.org\/{rel}","templated":true}]}}