{"id":205297,"date":"2022-01-16T19:52:26","date_gmt":"2022-01-16T23:52:26","guid":{"rendered":"https:\/\/elluchador.info\/web\/?p=205297"},"modified":"2022-01-16T19:52:58","modified_gmt":"2022-01-16T23:52:58","slug":"fuerza-armada-se-despliega-para-luchar-contra-grupos-terroristas-colombianos-conocidos-como-los-tancol","status":"publish","type":"post","link":"https:\/\/elluchador.info\/?p=205297","title":{"rendered":"Fuerza Armada se despliega para luchar contra grupos terroristas colombianos conocidos como los Tancol"},"content":{"rendered":"<p>El comandante estrat\u00e9gico operacional de las Fuerzas Armadas Nacional Bolivarianas (FANB), el general en jefe\u00a0<strong>Domingo Hern\u00e1ndez L\u00e1rez<\/strong>, anunci\u00f3 ofensiva contra grupos irregulares, conocidos como Tancol\u00a0(Terroristas Armados Narcotraficantes Colombianos).<\/p>\n<blockquote class=\"wp-block-quote\"><p>\u201c<span style=\"color: #800000;\">Cumpliendo \u00f3rdenes de nuestro Comandante en Jefe,\u00a0<strong>Nicol\u00e1s Maduro<\/strong>, y el ministro del Poder Popular para la Defensa, general en jefe\u00a0<strong>Vladimir Padrino<\/strong>, la FANB luchar\u00e1 contra los <span style=\"background-color: #ffffff;\">grupos <\/span>en cualquiera de sus formas\u201d, agreg\u00f3.<\/span><\/p><\/blockquote>\n<p>El anuncio tuvo lugar despu\u00e9s de que movimientos sociales de Apure denunciaran que grupos irregulares colombianos tomaron el sector La Gabarra en la entidad llanera.<\/p>\n<p>Respuesta de autoridades militares venezolanas ante denuncias sobre incursi\u00f3n de grupos irregulares en el estado Apure. !Ll\u00e1mense como se llamen! se les har\u00e1 frente, ha dicho el Comando de la Zona de Defensa Integral 1.<\/p>\n<p><img loading=\"lazy\" decoding=\"async\" class=\"alignnone size-full wp-image-205298\" src=\"https:\/\/elluchador.info\/web\/wp-content\/uploads\/2022\/01\/FJPAyEiXoAMALOQ.jpg\" alt=\"\" width=\"240\" height=\"135\" srcset=\"https:\/\/elluchador.info\/wp-content\/uploads\/2022\/01\/FJPAyEiXoAMALOQ.jpg 240w, https:\/\/elluchador.info\/wp-content\/uploads\/2022\/01\/FJPAyEiXoAMALOQ-238x135.jpg 238w\" sizes=\"auto, (max-width: 240px) 100vw, 240px\" \/><\/p>\n<p>Uni\u00f3n Radio<\/p>\n","protected":false},"excerpt":{"rendered":"<p>El comandante estrat\u00e9gico operacional de las Fuerzas Armadas Nacional Bolivarianas (FANB), el general en jefe\u00a0Domingo Hern\u00e1ndez L\u00e1rez, anunci\u00f3 ofensiva contra grupos irregulares, conocidos como Tancol\u00a0(Terroristas Armados Narcotraficantes Colombianos). \u201cCumpliendo \u00f3rdenes de nuestro Comandante en Jefe,\u00a0Nicol\u00e1s Maduro, y el ministro del Poder Popular para la Defensa, general en jefe\u00a0Vladimir Padrino, la FANB luchar\u00e1 contra los grupos [&hellip;]<\/p>\n","protected":false},"author":2,"featured_media":205299,"comment_status":"closed","ping_status":"closed","sticky":false,"template":"","format":"standard","meta":{"footnotes":""},"categories":[5,9],"tags":[409,407,118,410,406,408],"class_list":{"0":"post-205297","1":"post","2":"type-post","3":"status-publish","4":"format-standard","5":"has-post-thumbnail","7":"category-destacado","8":"category-nacionales","9":"tag-despliegue","10":"tag-fanb","11":"tag-militares","12":"tag-noticias-destacadas","13":"tag-tancol","14":"tag-vladimir-padrino"},"_links":{"self":[{"href":"https:\/\/elluchador.info\/index.php?rest_route=\/wp\/v2\/posts\/205297","targetHints":{"allow":["GET"]}}],"collection":[{"href":"https:\/\/elluchador.info\/index.php?rest_route=\/wp\/v2\/posts"}],"about":[{"href":"https:\/\/elluchador.info\/index.php?rest_route=\/wp\/v2\/types\/post"}],"author":[{"embeddable":true,"href":"https:\/\/elluchador.info\/index.php?rest_route=\/wp\/v2\/users\/2"}],"replies":[{"embeddable":true,"href":"https:\/\/elluchador.info\/index.php?rest_route=%2Fwp%2Fv2%2Fcomments&post=205297"}],"version-history":[{"count":2,"href":"https:\/\/elluchador.info\/index.php?rest_route=\/wp\/v2\/posts\/205297\/revisions"}],"predecessor-version":[{"id":205301,"href":"https:\/\/elluchador.info\/index.php?rest_route=\/wp\/v2\/posts\/205297\/revisions\/205301"}],"wp:featuredmedia":[{"embeddable":true,"href":"https:\/\/elluchador.info\/index.php?rest_route=\/wp\/v2\/media\/205299"}],"wp:attachment":[{"href":"https:\/\/elluchador.info\/index.php?rest_route=%2Fwp%2Fv2%2Fmedia&parent=205297"}],"wp:term":[{"taxonomy":"category","embeddable":true,"href":"https:\/\/elluchador.info\/index.php?rest_route=%2Fwp%2Fv2%2Fcategories&post=205297"},{"taxonomy":"post_tag","embeddable":true,"href":"https:\/\/elluchador.info\/index.php?rest_route=%2Fwp%2Fv2%2Ftags&post=205297"}],"curies":[{"name":"wp","href":"https:\/\/api.w.org\/{rel}","templated":true}]}}