{"id":205414,"date":"2022-01-19T10:37:54","date_gmt":"2022-01-19T14:37:54","guid":{"rendered":"https:\/\/elluchador.info\/web\/?p=205414"},"modified":"2022-01-19T10:37:54","modified_gmt":"2022-01-19T14:37:54","slug":"sector-inmobiliario-en-venezuela-registro-crecimiento-de-al-menos-20-durante-el-ano-2021","status":"publish","type":"post","link":"https:\/\/elluchador.info\/?p=205414","title":{"rendered":"Sector inmobiliario en Venezuela registr\u00f3 crecimiento de al menos 20% durante el a\u00f1o 2021"},"content":{"rendered":"<p>El presidente de la C\u00e1mara Inmobiliaria de Venezuela, Francisco L\u00f3pez, asegur\u00f3 este mi\u00e9rcoles que el pa\u00eds registr\u00f3 un crecimiento de<strong>\u00a0entre un 20 y un 30% en el sector que representa.<\/strong><\/p>\n<p>En conversaci\u00f3n con Rosa Mar\u00eda G\u00f3mez, para el programa Visi\u00f3n Inmobiliaria, en WTC Radio, L\u00f3pez resalt\u00f3 que si bien a\u00fan no tienen las estad\u00edsticas exactas, hubo un crecimiento significativo.<\/p>\n<p>Record\u00f3 que a partir de 2018 hubo un cambio en la tendencia del sector, con un\u00a0<strong>crecimiento de 5% en el a\u00f1o 2019 y 9% en el a\u00f1o 2020.<\/strong><\/p>\n<p>\u201cContamos con la expectativa de que ya la tendencia cambi\u00f3, no es a la baja sino<strong>\u00a0sobre todo a hacer sostenible el crecimiento en el tiempo\u201d, dijo.<\/strong><\/p>\n<p>Mencion\u00f3 que<strong>\u00a0Caracas \u2013en materia inmobiliaria- comenz\u00f3 a salir de la crisis<\/strong>\u00a0\u201cy pareciera que las provincias van hacia esa misma tendencia\u201d.<\/p>\n<p>\u201cTenemos que poder hacer firmas en d\u00f3lares, recibir un dinero en garant\u00eda, formar fideicomisos,<strong>\u00a0llevar dinero a la banca, que haya plazo para pagar, debemos firmar contratos de alquiler en d\u00f3lares\u201d<\/strong>, fueron algunas de las peticiones que, seg\u00fan explic\u00f3, son necesarias para el sector.<\/p>\n<h3><strong>\u00abNo es l\u00f3gico cobrar 300$ por unas capitulaciones\u00bb<\/strong><\/h3>\n<p>En relaci\u00f3n a las nuevas tarifas de registros y notar\u00edas, L\u00f3pez se\u00f1al\u00f3 que\u00a0<strong>\u201cno podemos ir contra del decreto\u201d, pero argument\u00f3 que \u201cno nos parece l\u00f3gico que cobren, por ejemplo, 300 d\u00f3lares<\/strong>\u00a0por unas capitulaciones cuando el ingreso del venezolano de a pie no obedece a eso\u201d.<\/p>\n<p>No obstante, adelant\u00f3 que\u00a0<strong>est\u00e1n trabajando en un comparativo con otros pa\u00edses<\/strong>\u00a0para presentarlo ante el Ejecutivo Nacional y poder discutir al respecto.<\/p>\n<p>Usted puede disfrutar de la reposici\u00f3n de este programa el s\u00e1bado 22 de enero a las 2:00 de la tarde. El contenido ser\u00e1 publicado posteriormente en el podcast de Visi\u00f3n Inmobiliaria, al cual puede ingresar haciendo\u00a0<a href=\"https:\/\/wtcradio.net\/podcasts\/vision-inmobiliaria\/\" target=\"_blank\" rel=\"noopener\">click aqu\u00ed.<\/a><\/p>\n<p><strong>WTC Radio<\/strong><\/p>\n","protected":false},"excerpt":{"rendered":"<p>El presidente de la C\u00e1mara Inmobiliaria de Venezuela, Francisco L\u00f3pez, asegur\u00f3 este mi\u00e9rcoles que el pa\u00eds registr\u00f3 un crecimiento de\u00a0entre un 20 y un 30% en el sector que representa. En conversaci\u00f3n con Rosa Mar\u00eda G\u00f3mez, para el programa Visi\u00f3n Inmobiliaria, en WTC Radio, L\u00f3pez resalt\u00f3 que si bien a\u00fan no tienen las estad\u00edsticas exactas, [&hellip;]<\/p>\n","protected":false},"author":2,"featured_media":205415,"comment_status":"closed","ping_status":"closed","sticky":false,"template":"","format":"standard","meta":{"footnotes":""},"categories":[5,6],"tags":[],"class_list":{"0":"post-205414","1":"post","2":"type-post","3":"status-publish","4":"format-standard","5":"has-post-thumbnail","7":"category-destacado","8":"category-economia"},"_links":{"self":[{"href":"https:\/\/elluchador.info\/index.php?rest_route=\/wp\/v2\/posts\/205414","targetHints":{"allow":["GET"]}}],"collection":[{"href":"https:\/\/elluchador.info\/index.php?rest_route=\/wp\/v2\/posts"}],"about":[{"href":"https:\/\/elluchador.info\/index.php?rest_route=\/wp\/v2\/types\/post"}],"author":[{"embeddable":true,"href":"https:\/\/elluchador.info\/index.php?rest_route=\/wp\/v2\/users\/2"}],"replies":[{"embeddable":true,"href":"https:\/\/elluchador.info\/index.php?rest_route=%2Fwp%2Fv2%2Fcomments&post=205414"}],"version-history":[{"count":1,"href":"https:\/\/elluchador.info\/index.php?rest_route=\/wp\/v2\/posts\/205414\/revisions"}],"predecessor-version":[{"id":205416,"href":"https:\/\/elluchador.info\/index.php?rest_route=\/wp\/v2\/posts\/205414\/revisions\/205416"}],"wp:featuredmedia":[{"embeddable":true,"href":"https:\/\/elluchador.info\/index.php?rest_route=\/wp\/v2\/media\/205415"}],"wp:attachment":[{"href":"https:\/\/elluchador.info\/index.php?rest_route=%2Fwp%2Fv2%2Fmedia&parent=205414"}],"wp:term":[{"taxonomy":"category","embeddable":true,"href":"https:\/\/elluchador.info\/index.php?rest_route=%2Fwp%2Fv2%2Fcategories&post=205414"},{"taxonomy":"post_tag","embeddable":true,"href":"https:\/\/elluchador.info\/index.php?rest_route=%2Fwp%2Fv2%2Ftags&post=205414"}],"curies":[{"name":"wp","href":"https:\/\/api.w.org\/{rel}","templated":true}]}}