{"id":205443,"date":"2022-01-19T15:59:37","date_gmt":"2022-01-19T19:59:37","guid":{"rendered":"https:\/\/elluchador.info\/web\/?p=205443"},"modified":"2022-01-19T15:59:37","modified_gmt":"2022-01-19T19:59:37","slug":"fedeindustria-propone-que-empresas-mineras-asuman-mantenimiento-de-la-troncal-10","status":"publish","type":"post","link":"https:\/\/elluchador.info\/?p=205443","title":{"rendered":"Fedeindustria propone que empresas mineras asuman mantenimiento de la Troncal 10"},"content":{"rendered":"<p><span style=\"font-weight: 400;\">Las empresas mineras pueden transformar la Troncal 10 en una gran vialidad internacional hasta Brasil.<\/span><\/p>\n<p><span style=\"font-weight: 400;\">La propuesta se fundamenta en la responsabilidad social de las empresas del sur de Bol\u00edvar y fue presentada en un documento del gremio empresarial al Gobernador \u00c1ngel Marcano d\u00edas antes de su elecci\u00f3n.<\/span><\/p>\n<p><span style=\"font-weight: 400;\">En una reuni\u00f3n previa a las elecciones regionales, en la cual estuvo presente y particip\u00f3 el actual Gobernador \u00c1ngel Marcano, Fedeindustria Bol\u00edvar le hizo entrega de un documento que contiene varios proyectos para el desarrollo regional, incluyendo a todos los sectores de la econom\u00eda, entre ellos el poderoso sector minero. As\u00ed lo record\u00f3 el presidente de ese gremio empresarial, Ing. Tom\u00e1s Guerra, en conversaci\u00f3n con nuestro director de El Luchador, Ing. Francisco Rosales.<\/span><\/p>\n<p><span style=\"font-weight: 400;\">Guerra se\u00f1al\u00f3 que en ese documento de visi\u00f3n futurista para el estado Bol\u00edvar y para Venezuela entera, no pod\u00eda faltar el tema de la comunicaci\u00f3n terrestre con nuestro vecino pa\u00eds Brasil, con el cual existen y deben ser fortalecidas relaciones de comercio y turismo, en especial con el estado de Roraima.<\/span><\/p>\n<p><span style=\"font-weight: 400;\"> Por esa raz\u00f3n Fedeindustria plante\u00f3 a fin del 2021 la l\u00f3gica y justa aspiraci\u00f3n de que las empresas mineras establecidas en el sur del estado Bol\u00edvar, realicen un aporte sustancial con el car\u00e1cter legal de responsabilidad social empresarial, para que entre todas ellas aporten los recursos imprescindibles para el mantenimiento y mejora de la Troncal 10, de la cual son dichas empresas unos principales usuarios y por ello mismo causantes de grave deterioro a consecuencia del tr\u00e1nsito de carga pesada que generan sus actividades.<\/span><\/p>\n<p><span style=\"font-weight: 400;\">Luce evidente que con los niveles de utilidades que deben producir esas empresas, con holgura podr\u00e1n acometer la misi\u00f3n patri\u00f3tica de transformar la Troncal 10 de hoy d\u00eda, en lo que merece ser la vialidad internacional m\u00e1s importante de nuestra Sur Am\u00e9rica, que sea una v\u00eda de 4 canales, con servicio de gr\u00faas, ambulancias, vigilancia 24 horas, telefon\u00eda celular en todo el recorrido, demarcado vial y ojos de gato.<\/span><\/p>\n<p><span style=\"font-weight: 400;\">El estado Bol\u00edvar merece este avance que lo es para toda Venezuela y desde Fedeindustria lo venimos apostando hace meses, enfatiz\u00f3 Tom\u00e1s Guerra, por lo que pedimos al gobernador \u00c1ngel Marcano que accione para cristalizar este proyecto que vendr\u00eda a integrarse a la petici\u00f3n colectiva de que sea creada la Zona Econ\u00f3mica Especial de Guayana en cuanto la Asamblea Nacional apruebe la respectiva Ley, para que inversionistas brasile\u00f1os contribuyan a hacer de Guayana un espacio pr\u00f3spero, confortable y agradable para visitantes, turistas y empresarios, finaliz\u00f3 Tom\u00e1s Guerra.<\/span><\/p>\n<p>Redacci\u00f3n<\/p>\n","protected":false},"excerpt":{"rendered":"<p>Las empresas mineras pueden transformar la Troncal 10 en una gran vialidad internacional hasta Brasil. La propuesta se fundamenta en la responsabilidad social de las empresas del sur de Bol\u00edvar y fue presentada en un documento del gremio empresarial al Gobernador \u00c1ngel Marcano d\u00edas antes de su elecci\u00f3n. En una reuni\u00f3n previa a las elecciones [&hellip;]<\/p>\n","protected":false},"author":2,"featured_media":205444,"comment_status":"closed","ping_status":"closed","sticky":false,"template":"","format":"standard","meta":{"footnotes":""},"categories":[5,6,12],"tags":[438,380,437,174,387,436],"class_list":{"0":"post-205443","1":"post","2":"type-post","3":"status-publish","4":"format-standard","5":"has-post-thumbnail","7":"category-destacado","8":"category-economia","9":"category-regionales","10":"tag-fedeindustria","11":"tag-gobernacion","12":"tag-marcano","13":"tag-mineria","14":"tag-troncal","15":"tag-troncal-10"},"_links":{"self":[{"href":"https:\/\/elluchador.info\/index.php?rest_route=\/wp\/v2\/posts\/205443","targetHints":{"allow":["GET"]}}],"collection":[{"href":"https:\/\/elluchador.info\/index.php?rest_route=\/wp\/v2\/posts"}],"about":[{"href":"https:\/\/elluchador.info\/index.php?rest_route=\/wp\/v2\/types\/post"}],"author":[{"embeddable":true,"href":"https:\/\/elluchador.info\/index.php?rest_route=\/wp\/v2\/users\/2"}],"replies":[{"embeddable":true,"href":"https:\/\/elluchador.info\/index.php?rest_route=%2Fwp%2Fv2%2Fcomments&post=205443"}],"version-history":[{"count":1,"href":"https:\/\/elluchador.info\/index.php?rest_route=\/wp\/v2\/posts\/205443\/revisions"}],"predecessor-version":[{"id":205445,"href":"https:\/\/elluchador.info\/index.php?rest_route=\/wp\/v2\/posts\/205443\/revisions\/205445"}],"wp:featuredmedia":[{"embeddable":true,"href":"https:\/\/elluchador.info\/index.php?rest_route=\/wp\/v2\/media\/205444"}],"wp:attachment":[{"href":"https:\/\/elluchador.info\/index.php?rest_route=%2Fwp%2Fv2%2Fmedia&parent=205443"}],"wp:term":[{"taxonomy":"category","embeddable":true,"href":"https:\/\/elluchador.info\/index.php?rest_route=%2Fwp%2Fv2%2Fcategories&post=205443"},{"taxonomy":"post_tag","embeddable":true,"href":"https:\/\/elluchador.info\/index.php?rest_route=%2Fwp%2Fv2%2Ftags&post=205443"}],"curies":[{"name":"wp","href":"https:\/\/api.w.org\/{rel}","templated":true}]}}