{"id":205459,"date":"2022-01-19T16:45:05","date_gmt":"2022-01-19T20:45:05","guid":{"rendered":"https:\/\/elluchador.info\/web\/?p=205459"},"modified":"2022-01-19T16:45:05","modified_gmt":"2022-01-19T20:45:05","slug":"ruta-del-calipso-2022-tradicion-calipso-y-color-renace-en-bolivar-con-responsabilidad","status":"publish","type":"post","link":"https:\/\/elluchador.info\/?p=205459","title":{"rendered":"Ruta del Calipso 2022 \u201cTradici\u00f3n, Calipso y Color\u201d renace en Bol\u00edvar con responsabilidad"},"content":{"rendered":"<p>La Gobernaci\u00f3n del estado Bol\u00edvar,\u00a0 desde la Secretar\u00eda de Turismo de la regi\u00f3n, presidida por la secretaria, Patricia Cabrera, junto con todo su equipo de trabajo, y la participaci\u00f3n compartida con las secretar\u00edas de Cultura, Salud y Seguridad Ciudadana, invitan a la comunidad bolivarense a celebrar los pr\u00f3ximos carnavales con responsabilidad y bioseguridad.<\/p>\n<p>La directora de Desarrollo Tur\u00edstico de la Gobernaci\u00f3n del estado Bol\u00edvar, Valentina Pugliese, explic\u00f3 que este a\u00f1o se incorporar\u00e1n los municipios Piar y Sifontes a la ruta tradicional del Calipso.<\/p>\n<p>\u00abIniciaremos la ruta el viernes 25 de febrero en el municipio Angostura del Orinoco, luego Caron\u00ed al d\u00eda siguiente, El Callao ser\u00e1 el d\u00eda 27 de febrero, con la Misa de las Madamas, en Piar el d\u00eda lunes 28, \u00a0y cerraremos en Sifontes, el martes primero de marzo\u00bb.<\/p>\n<p><b>Cultura y tradici\u00f3n<\/b><\/p>\n<p>Pugliese explic\u00f3 que mantendr\u00e1n la tradici\u00f3n de la elecci\u00f3n de la reina de la Ruta del Calipso y despliegue de carrozas comunitarias.<\/p>\n<p>Dijo que la Secretar\u00eda de Turismo tendr\u00e1 a disposici\u00f3n en su sede en \u00abLa Casa de los Gobernadores\u00bb en el Casco Hist\u00f3rico de Ciudad Bol\u00edvar, las planillas de inscripci\u00f3n para participar en los diferentes eventos.<\/p>\n<p>Adicionalmente, tambi\u00e9n estar\u00e1 disponible en las redes sociales de la Secretar\u00eda, en Instagram @secturismobolivar, Twitter @secturismob y facebook: Secretar\u00eda del Turismo Bol\u00edvar, un link para realizar su inscripci\u00f3n y participar en la Ruta del Calipso 2022, con el objetivo de que puedan mostrar la creatividad y despliegue de la comunidad organizada, para mantener tradiciones e incentivar el turismo responsable, a\u00fan en pandemia.<\/p>\n<p>\u00abSeguimos adapt\u00e1ndonos para hacer un turismo responsable y mantener nuestras tradiciones en el estado Bol\u00edvar, recordando que nuestras fiestas de carnaval son reconocidas por la Unesco como Patrimonio Inmaterial de la Humanidad, y sigue siendo nuestra responsabilidad mantener viva la ruta\u00bb, dijo la secretaria de Turismo, Patricia Cabrera.<\/p>\n<p>\u201cComo es costumbre, cada a\u00f1o, y siguiendo las pol\u00edticas nacionales de salud y seguridad en pandemia, toda la ruta dispondr\u00e1 de espacios de informaci\u00f3n, seguridad y salud.<\/p>\n<p>Invitamos a la poblaci\u00f3n a cuidarse, a respetar las recomendaciones que realizamos, para hacer un turismo responsable, lleno de tradici\u00f3n, calipso y color.<\/p>\n<p>Seguiremos impulsando el plan de vacunaci\u00f3n contra el Covid-19 para nuestros ni\u00f1os y la dosis de refuerzo para los adultos vacunados\u00bb. Finaliz\u00f3 Cabrera.<\/p>\n<p><b>Prensa Gobernaci\u00f3n\/Secretar\u00eda de Turismo<\/b><\/p>\n","protected":false},"excerpt":{"rendered":"<p>La Gobernaci\u00f3n del estado Bol\u00edvar,\u00a0 desde la Secretar\u00eda de Turismo de la regi\u00f3n, presidida por la secretaria, Patricia Cabrera, junto con todo su equipo de trabajo, y la participaci\u00f3n compartida con las secretar\u00edas de Cultura, Salud y Seguridad Ciudadana, invitan a la comunidad bolivarense a celebrar los pr\u00f3ximos carnavales con responsabilidad y bioseguridad. La directora [&hellip;]<\/p>\n","protected":false},"author":2,"featured_media":205460,"comment_status":"closed","ping_status":"closed","sticky":false,"template":"","format":"standard","meta":{"footnotes":""},"categories":[5,12,335],"tags":[185,443,444,317,445],"class_list":{"0":"post-205459","1":"post","2":"type-post","3":"status-publish","4":"format-standard","5":"has-post-thumbnail","7":"category-destacado","8":"category-regionales","9":"category-tradiciones","10":"tag-bolivar","11":"tag-callao","12":"tag-carnaval","13":"tag-covid","14":"tag-tradicion"},"_links":{"self":[{"href":"https:\/\/elluchador.info\/index.php?rest_route=\/wp\/v2\/posts\/205459","targetHints":{"allow":["GET"]}}],"collection":[{"href":"https:\/\/elluchador.info\/index.php?rest_route=\/wp\/v2\/posts"}],"about":[{"href":"https:\/\/elluchador.info\/index.php?rest_route=\/wp\/v2\/types\/post"}],"author":[{"embeddable":true,"href":"https:\/\/elluchador.info\/index.php?rest_route=\/wp\/v2\/users\/2"}],"replies":[{"embeddable":true,"href":"https:\/\/elluchador.info\/index.php?rest_route=%2Fwp%2Fv2%2Fcomments&post=205459"}],"version-history":[{"count":1,"href":"https:\/\/elluchador.info\/index.php?rest_route=\/wp\/v2\/posts\/205459\/revisions"}],"predecessor-version":[{"id":205461,"href":"https:\/\/elluchador.info\/index.php?rest_route=\/wp\/v2\/posts\/205459\/revisions\/205461"}],"wp:featuredmedia":[{"embeddable":true,"href":"https:\/\/elluchador.info\/index.php?rest_route=\/wp\/v2\/media\/205460"}],"wp:attachment":[{"href":"https:\/\/elluchador.info\/index.php?rest_route=%2Fwp%2Fv2%2Fmedia&parent=205459"}],"wp:term":[{"taxonomy":"category","embeddable":true,"href":"https:\/\/elluchador.info\/index.php?rest_route=%2Fwp%2Fv2%2Fcategories&post=205459"},{"taxonomy":"post_tag","embeddable":true,"href":"https:\/\/elluchador.info\/index.php?rest_route=%2Fwp%2Fv2%2Ftags&post=205459"}],"curies":[{"name":"wp","href":"https:\/\/api.w.org\/{rel}","templated":true}]}}