{"id":205465,"date":"2022-01-19T17:02:41","date_gmt":"2022-01-19T21:02:41","guid":{"rendered":"https:\/\/elluchador.info\/web\/?p=205465"},"modified":"2022-01-19T17:02:41","modified_gmt":"2022-01-19T21:02:41","slug":"el-observatorio-venezolano-de-violencia-aseguro-la-delincuencia-sigue-incrementandose-en-el-pais","status":"publish","type":"post","link":"https:\/\/elluchador.info\/?p=205465","title":{"rendered":"El\u00a0Observatorio Venezolano de Violencia\u00a0asegur\u00f3 la delincuencia sigue increment\u00e1ndose en el pa\u00eds"},"content":{"rendered":"<p>El\u00a0<strong>Observatorio Venezolano de Violencia<\/strong>\u00a0(OVV) comunic\u00f3 este mi\u00e9rcoles a trav\u00e9s de su\u00a0<strong>director Roberto Brice\u00f1o-Le\u00f3n que en el pa\u00eds\u00a0<\/strong>la delincuencia sigue increment\u00e1ndose y consider\u00f3 que lo que ocurre no tiene que ver con que la delincuencia est\u00e1 controlada, sino que hay menos oportunidades para el delito de actuar.<\/p>\n<p>\u00abNo est\u00e1 m\u00e1s controlada la violencia en el pa\u00eds, es que hay ahora menos oportunidades para el delito de actuar, entonces se siente m\u00e1s seguridad\u00bb, dijo el director del\u00a0<strong>OVV<\/strong> durante una entrevista con la periodista Shirley Varnagy.<\/p>\n<p><strong>Uni\u00f3n Radio<\/strong>.<\/p>\n","protected":false},"excerpt":{"rendered":"<p>El\u00a0Observatorio Venezolano de Violencia\u00a0(OVV) comunic\u00f3 este mi\u00e9rcoles a trav\u00e9s de su\u00a0director Roberto Brice\u00f1o-Le\u00f3n que en el pa\u00eds\u00a0la delincuencia sigue increment\u00e1ndose y consider\u00f3 que lo que ocurre no tiene que ver con que la delincuencia est\u00e1 controlada, sino que hay menos oportunidades para el delito de actuar. \u00abNo est\u00e1 m\u00e1s controlada la violencia en el pa\u00eds, [&hellip;]<\/p>\n","protected":false},"author":2,"featured_media":205466,"comment_status":"closed","ping_status":"closed","sticky":false,"template":"","format":"standard","meta":{"footnotes":""},"categories":[5,9],"tags":[],"class_list":{"0":"post-205465","1":"post","2":"type-post","3":"status-publish","4":"format-standard","5":"has-post-thumbnail","7":"category-destacado","8":"category-nacionales"},"_links":{"self":[{"href":"https:\/\/elluchador.info\/index.php?rest_route=\/wp\/v2\/posts\/205465","targetHints":{"allow":["GET"]}}],"collection":[{"href":"https:\/\/elluchador.info\/index.php?rest_route=\/wp\/v2\/posts"}],"about":[{"href":"https:\/\/elluchador.info\/index.php?rest_route=\/wp\/v2\/types\/post"}],"author":[{"embeddable":true,"href":"https:\/\/elluchador.info\/index.php?rest_route=\/wp\/v2\/users\/2"}],"replies":[{"embeddable":true,"href":"https:\/\/elluchador.info\/index.php?rest_route=%2Fwp%2Fv2%2Fcomments&post=205465"}],"version-history":[{"count":1,"href":"https:\/\/elluchador.info\/index.php?rest_route=\/wp\/v2\/posts\/205465\/revisions"}],"predecessor-version":[{"id":205467,"href":"https:\/\/elluchador.info\/index.php?rest_route=\/wp\/v2\/posts\/205465\/revisions\/205467"}],"wp:featuredmedia":[{"embeddable":true,"href":"https:\/\/elluchador.info\/index.php?rest_route=\/wp\/v2\/media\/205466"}],"wp:attachment":[{"href":"https:\/\/elluchador.info\/index.php?rest_route=%2Fwp%2Fv2%2Fmedia&parent=205465"}],"wp:term":[{"taxonomy":"category","embeddable":true,"href":"https:\/\/elluchador.info\/index.php?rest_route=%2Fwp%2Fv2%2Fcategories&post=205465"},{"taxonomy":"post_tag","embeddable":true,"href":"https:\/\/elluchador.info\/index.php?rest_route=%2Fwp%2Fv2%2Ftags&post=205465"}],"curies":[{"name":"wp","href":"https:\/\/api.w.org\/{rel}","templated":true}]}}