{"id":205473,"date":"2022-01-19T17:19:01","date_gmt":"2022-01-19T21:19:01","guid":{"rendered":"https:\/\/elluchador.info\/web\/?p=205473"},"modified":"2022-01-19T17:19:01","modified_gmt":"2022-01-19T21:19:01","slug":"an-aprobo-reducir-de-32-a-20-los-magistrados-del-tsj","status":"publish","type":"post","link":"https:\/\/elluchador.info\/?p=205473","title":{"rendered":"AN aprob\u00f3 reducir de 32 a 20 los magistrados del TSJ"},"content":{"rendered":"<p>La\u00a0<strong>Asamblea Nacional del 2020\u00a0<\/strong>aprob\u00f3 el martes en el segundo y definitivo debate reformar la\u00a0<strong>Ley Org\u00e1nica del Tribunal Supremo de Justicia (TSJ)\u00a0<\/strong>y reducir de 32 a 20 el\u00a0<strong>n\u00famero de magistrados<\/strong>\u00a0que componen la instituci\u00f3n.<\/p>\n<p>El resultado de esta discusi\u00f3n de la AN de 2020 arroja que la<strong>\u00a0Sala Constitucional\u00a0<\/strong>estar\u00e1 integrada por cinco magistrados y las cinco restantes\u00a0(Electoral, Pol\u00edtico-Administrativa, Casaci\u00f3n Civil, Casaci\u00f3n Penal y Casaci\u00f3n Social) por tres magistrados, reza el proyecto de reforma de ley aprobado.<\/p>\n<p>Antes de este debate, las referidas salas estaban conformadas por siete y cinco magistrados respectivamente.<\/p>\n<p>Cada una de las salas tendr\u00e1 un secretario y un alguacil,\u00a0seg\u00fan la reforma de la ley le\u00edda y aprobada en la plenaria.<\/p>\n<p>Cabe mencionar que, seg\u00fan refiere el portal web Versi\u00f3n Final, el proyecto parti\u00f3 del presidente del TSJ,<strong>\u00a0Maikel Moreno<\/strong>,\u00a0quien propuso a la\u00a0<strong>AN de 2020<\/strong>\u00a0promover la reforma, seg\u00fan anunci\u00f3 el 22 de diciembre de 2021 el presidente del Parlamento, Jorge Rodr\u00edguez.<\/p>\n<p>El Impulso<\/p>\n","protected":false},"excerpt":{"rendered":"<p>La\u00a0Asamblea Nacional del 2020\u00a0aprob\u00f3 el martes en el segundo y definitivo debate reformar la\u00a0Ley Org\u00e1nica del Tribunal Supremo de Justicia (TSJ)\u00a0y reducir de 32 a 20 el\u00a0n\u00famero de magistrados\u00a0que componen la instituci\u00f3n. El resultado de esta discusi\u00f3n de la AN de 2020 arroja que la\u00a0Sala Constitucional\u00a0estar\u00e1 integrada por cinco magistrados y las cinco restantes\u00a0(Electoral, Pol\u00edtico-Administrativa, [&hellip;]<\/p>\n","protected":false},"author":2,"featured_media":0,"comment_status":"closed","ping_status":"closed","sticky":false,"template":"","format":"standard","meta":{"footnotes":""},"categories":[5,9],"tags":[],"class_list":{"0":"post-205473","1":"post","2":"type-post","3":"status-publish","4":"format-standard","6":"category-destacado","7":"category-nacionales"},"_links":{"self":[{"href":"https:\/\/elluchador.info\/index.php?rest_route=\/wp\/v2\/posts\/205473","targetHints":{"allow":["GET"]}}],"collection":[{"href":"https:\/\/elluchador.info\/index.php?rest_route=\/wp\/v2\/posts"}],"about":[{"href":"https:\/\/elluchador.info\/index.php?rest_route=\/wp\/v2\/types\/post"}],"author":[{"embeddable":true,"href":"https:\/\/elluchador.info\/index.php?rest_route=\/wp\/v2\/users\/2"}],"replies":[{"embeddable":true,"href":"https:\/\/elluchador.info\/index.php?rest_route=%2Fwp%2Fv2%2Fcomments&post=205473"}],"version-history":[{"count":1,"href":"https:\/\/elluchador.info\/index.php?rest_route=\/wp\/v2\/posts\/205473\/revisions"}],"predecessor-version":[{"id":205477,"href":"https:\/\/elluchador.info\/index.php?rest_route=\/wp\/v2\/posts\/205473\/revisions\/205477"}],"wp:attachment":[{"href":"https:\/\/elluchador.info\/index.php?rest_route=%2Fwp%2Fv2%2Fmedia&parent=205473"}],"wp:term":[{"taxonomy":"category","embeddable":true,"href":"https:\/\/elluchador.info\/index.php?rest_route=%2Fwp%2Fv2%2Fcategories&post=205473"},{"taxonomy":"post_tag","embeddable":true,"href":"https:\/\/elluchador.info\/index.php?rest_route=%2Fwp%2Fv2%2Ftags&post=205473"}],"curies":[{"name":"wp","href":"https:\/\/api.w.org\/{rel}","templated":true}]}}