{"id":205489,"date":"2022-01-20T08:55:57","date_gmt":"2022-01-20T12:55:57","guid":{"rendered":"https:\/\/elluchador.info\/web\/?p=205489"},"modified":"2022-01-20T08:55:57","modified_gmt":"2022-01-20T12:55:57","slug":"sector-agricola-en-venezuela-produce-apenas-25-del-consumo-nacional-por-escasez-de-combustible","status":"publish","type":"post","link":"https:\/\/elluchador.info\/?p=205489","title":{"rendered":"Sector agr\u00edcola en Venezuela produce apenas 25% del consumo nacional por escasez de combustible"},"content":{"rendered":"<p>No hay mejoras en la producci\u00f3n en el sector agr\u00edcola, pues de acuerdo con el presidente de Fedec\u00e1maras en el estado Portuguesa, Osman Quero, el sector solo est\u00e1 suministrando el 25% del consumo interno.<\/p>\n<p>\u201cEstamos apenas suministrando el 25% de lo que el venezolano consume\u201d, asever\u00f3 Quero en entrevista concedida a sobre la producci\u00f3n de alimentos.<\/p>\n<p>Quero se refiri\u00f3 que la causa principal en estos momentos que no les permite a los productores agr\u00edcolas aumentar la producci\u00f3n es la escasez de combustible, bien sea di\u00e9sel o gasolina.<\/p>\n<p>\u201cEl tema del combustible ha sido todo un reto para el sector agr\u00edcola. Sin el combustible no es posible realizar ninguna labor en el pa\u00eds\u201d, sentenci\u00f3.<\/p>\n<p>\u201cNo podemos mantenernos en ese 25% de producci\u00f3n porque realmente se necesita abastecer la mesa del venezolano y para hacerlo necesitamos que el tema del combustible sea atendido con la mayor responsabilidad posible\u201d, agreg\u00f3 Quero.<\/p>\n<p>El presidente de Fedec\u00e1maras Portuguesa explic\u00f3 que para la preparaci\u00f3n de siembra y la cosecha se gasta una cantidad bastante considerable de combustible.<\/p>\n<p><strong>Por Mar\u00eda Jos\u00e9 N\u00fa\u00f1ez |\u00a0<a href=\"https:\/\/www.radiofeyalegrianoticias.com\/solo-se-produce-el-25-de-los-alimentos-por-escasez-de-combustible\/\" target=\"_blank\" rel=\"noopener\">Radio Fe y Alegr\u00eda Noticias<\/a><\/strong><\/p>\n","protected":false},"excerpt":{"rendered":"<p>No hay mejoras en la producci\u00f3n en el sector agr\u00edcola, pues de acuerdo con el presidente de Fedec\u00e1maras en el estado Portuguesa, Osman Quero, el sector solo est\u00e1 suministrando el 25% del consumo interno. \u201cEstamos apenas suministrando el 25% de lo que el venezolano consume\u201d, asever\u00f3 Quero en entrevista concedida a sobre la producci\u00f3n de [&hellip;]<\/p>\n","protected":false},"author":2,"featured_media":205490,"comment_status":"closed","ping_status":"closed","sticky":false,"template":"","format":"standard","meta":{"footnotes":""},"categories":[5,6],"tags":[],"class_list":{"0":"post-205489","1":"post","2":"type-post","3":"status-publish","4":"format-standard","5":"has-post-thumbnail","7":"category-destacado","8":"category-economia"},"_links":{"self":[{"href":"https:\/\/elluchador.info\/index.php?rest_route=\/wp\/v2\/posts\/205489","targetHints":{"allow":["GET"]}}],"collection":[{"href":"https:\/\/elluchador.info\/index.php?rest_route=\/wp\/v2\/posts"}],"about":[{"href":"https:\/\/elluchador.info\/index.php?rest_route=\/wp\/v2\/types\/post"}],"author":[{"embeddable":true,"href":"https:\/\/elluchador.info\/index.php?rest_route=\/wp\/v2\/users\/2"}],"replies":[{"embeddable":true,"href":"https:\/\/elluchador.info\/index.php?rest_route=%2Fwp%2Fv2%2Fcomments&post=205489"}],"version-history":[{"count":1,"href":"https:\/\/elluchador.info\/index.php?rest_route=\/wp\/v2\/posts\/205489\/revisions"}],"predecessor-version":[{"id":205491,"href":"https:\/\/elluchador.info\/index.php?rest_route=\/wp\/v2\/posts\/205489\/revisions\/205491"}],"wp:featuredmedia":[{"embeddable":true,"href":"https:\/\/elluchador.info\/index.php?rest_route=\/wp\/v2\/media\/205490"}],"wp:attachment":[{"href":"https:\/\/elluchador.info\/index.php?rest_route=%2Fwp%2Fv2%2Fmedia&parent=205489"}],"wp:term":[{"taxonomy":"category","embeddable":true,"href":"https:\/\/elluchador.info\/index.php?rest_route=%2Fwp%2Fv2%2Fcategories&post=205489"},{"taxonomy":"post_tag","embeddable":true,"href":"https:\/\/elluchador.info\/index.php?rest_route=%2Fwp%2Fv2%2Ftags&post=205489"}],"curies":[{"name":"wp","href":"https:\/\/api.w.org\/{rel}","templated":true}]}}