{"id":205492,"date":"2022-01-20T08:59:47","date_gmt":"2022-01-20T12:59:47","guid":{"rendered":"https:\/\/elluchador.info\/web\/?p=205492"},"modified":"2022-01-20T08:59:47","modified_gmt":"2022-01-20T12:59:47","slug":"el-papa-emerito-benedicto-xvi-en-la-mira-de-un-informe-sobre-pedofilia-en-alemania","status":"publish","type":"post","link":"https:\/\/elluchador.info\/?p=205492","title":{"rendered":"El Papa em\u00e9rito Benedicto XVI en la mira de un informe sobre pedofilia en Alemania"},"content":{"rendered":"<p>Un informe largamente esperado sobre el abuso sexual de menores en la Iglesia cat\u00f3lica en Baviera deber\u00eda aclarar este jueves si el papa em\u00e9rito Benedicto XVI y otros cl\u00e9rigos de alto rango encubrieron en alg\u00fan momento a un sacerdote ped\u00f3filo.<\/p>\n<p>Esta pericia, dirigida por un bufete de abogados de M\u00fanich, debe presentarse hacia las 10h00 GMT y apunta sobre todo a identificar casos de abuso sexual contra ni\u00f1os entre 1945 y 2019 en la archidi\u00f3cesis de M\u00fanich y Freising.<\/p>\n<p>Los autores tambi\u00e9n pretenden se\u00f1alar la responsabilidad de los eclesi\u00e1sticos que hicieron la vista gorda ante esos hechos, permitiendo que se repitieran durante d\u00e9cadas.<\/p>\n<p>Entre los altos dignatarios de la archidi\u00f3cesis se encuentran el cardenal Reinhard Marx \u2013que encarg\u00f3 el informe\u2013, su antecesor en el arzobispado Friedrich Wetter y Joseph Ratzinger, futuro papa Benedicto XVI, quien lo dirigi\u00f3 entre 1977 y 1982.<\/p>\n<p>Fue durante este per\u00edodo que se encontr\u00f3 un caso considerado sintom\u00e1tico de las graves fallas de la iglesia en el tratamiento de los casos de pedofilia.<\/p>\n<h3><strong>Explicaciones esperadas\u00a0<\/strong><\/h3>\n<p>En 1980, un vicario de Renania del Norte-Westfalia, Peter Hullermann, fue acusado de graves abusos sexuales a menores. La iglesia \u201csoluciona\u201d el problema transfiri\u00e9ndolo, pero al llegar a Baviera, a pesar de la terapia psiqui\u00e1trica, contin\u00faa con los abusos.<\/p>\n<p>En 1986, un tribunal lo conden\u00f3 a prisi\u00f3n condicional y fue nuevamente trasladado a otra ciudad b\u00e1vara donde ofici\u00f3 como sacerdote durante unos veinte a\u00f1os hasta que habr\u00eda reincidido.<\/p>\n<p>En 2010, bajo el pontificado de Benedicto XVI, finalmente se vio obligado a jubilarse.<\/p>\n<p>Ese mismo a\u00f1o estallaron las primeras grandes revelaciones de pedofilia en la Iglesia cat\u00f3lica de Alemania.<\/p>\n<p>El caso Hullermann juega un papel central en el informe de los abogados del bufete Westpfahl Spilker Wastl (WSW).<\/p>\n<p>El vicario general Gerhard Gruber asumi\u00f3 la responsabilidad y dijo en 2010 que Joseph Ratzinger no ten\u00eda conocimiento del pasado del sacerdote, afirmaci\u00f3n que su secretario privado Georg G\u00e4nswein reiter\u00f3 hace poco al semanario Die Zeit.<\/p>\n<p>El pont\u00edfice em\u00e9rito de 94 a\u00f1os, que ha vivido recluido en el Vaticano desde su renuncia en 2013, envi\u00f3 a los abogados un documento de 82 p\u00e1ginas sobre el tema, cuyo contenido se espera con impaciencia.<\/p>\n<p>\u201cUna admisi\u00f3n por parte de Ratzinger de haber sido personalmente y a trav\u00e9s de su cargo c\u00f3mplice del sufrimiento de muchos j\u00f3venes (\u2026) ser\u00eda una necesaria se\u00f1al de humildad, adem\u00e1s de un ejemplo para muchos obispos y l\u00edderes\u201d, considera el grupo reformador de laicos y te\u00f3logos \u201cWir sind Kirche\u201d<\/p>\n<p>La investigaci\u00f3n de M\u00fanich marca un nuevo cap\u00edtulo en el esclarecimiento de los actos de pedofilia que afectan a la Iglesia cat\u00f3lica en todo el mundo.<\/p>\n<p>En Alemania el catolicismo sigue siendo la primera confesi\u00f3n, aunque sus fieles desertan en masa: en 2020 eran 22,2 millones, 400.000 menos que en 2019 y 2,5 millones menos que en 2010.<\/p>\n<p>Hace cuatro a\u00f1os, un informe revel\u00f3 que al menos 3.677 ni\u00f1os hab\u00edan sido abusados sexualmente desde 1946 por m\u00e1s de mil cl\u00e9rigos alemanes y que la mayor\u00eda de esto nunca fueron sancionados.<\/p>\n<p>Tras una disculpa oficial, la iglesia ha fijado una indemnizaci\u00f3n -considerada insuficiente por las v\u00edctimas- de hasta 50.000 euros por v\u00edctima.<\/p>\n<p><strong>AFP<\/strong><\/p>\n","protected":false},"excerpt":{"rendered":"<p>Un informe largamente esperado sobre el abuso sexual de menores en la Iglesia cat\u00f3lica en Baviera deber\u00eda aclarar este jueves si el papa em\u00e9rito Benedicto XVI y otros cl\u00e9rigos de alto rango encubrieron en alg\u00fan momento a un sacerdote ped\u00f3filo. Esta pericia, dirigida por un bufete de abogados de M\u00fanich, debe presentarse hacia las 10h00 [&hellip;]<\/p>\n","protected":false},"author":2,"featured_media":205493,"comment_status":"closed","ping_status":"closed","sticky":false,"template":"","format":"standard","meta":{"footnotes":""},"categories":[8],"tags":[],"class_list":{"0":"post-205492","1":"post","2":"type-post","3":"status-publish","4":"format-standard","5":"has-post-thumbnail","7":"category-internacionales"},"_links":{"self":[{"href":"https:\/\/elluchador.info\/index.php?rest_route=\/wp\/v2\/posts\/205492","targetHints":{"allow":["GET"]}}],"collection":[{"href":"https:\/\/elluchador.info\/index.php?rest_route=\/wp\/v2\/posts"}],"about":[{"href":"https:\/\/elluchador.info\/index.php?rest_route=\/wp\/v2\/types\/post"}],"author":[{"embeddable":true,"href":"https:\/\/elluchador.info\/index.php?rest_route=\/wp\/v2\/users\/2"}],"replies":[{"embeddable":true,"href":"https:\/\/elluchador.info\/index.php?rest_route=%2Fwp%2Fv2%2Fcomments&post=205492"}],"version-history":[{"count":1,"href":"https:\/\/elluchador.info\/index.php?rest_route=\/wp\/v2\/posts\/205492\/revisions"}],"predecessor-version":[{"id":205494,"href":"https:\/\/elluchador.info\/index.php?rest_route=\/wp\/v2\/posts\/205492\/revisions\/205494"}],"wp:featuredmedia":[{"embeddable":true,"href":"https:\/\/elluchador.info\/index.php?rest_route=\/wp\/v2\/media\/205493"}],"wp:attachment":[{"href":"https:\/\/elluchador.info\/index.php?rest_route=%2Fwp%2Fv2%2Fmedia&parent=205492"}],"wp:term":[{"taxonomy":"category","embeddable":true,"href":"https:\/\/elluchador.info\/index.php?rest_route=%2Fwp%2Fv2%2Fcategories&post=205492"},{"taxonomy":"post_tag","embeddable":true,"href":"https:\/\/elluchador.info\/index.php?rest_route=%2Fwp%2Fv2%2Ftags&post=205492"}],"curies":[{"name":"wp","href":"https:\/\/api.w.org\/{rel}","templated":true}]}}