{"id":205498,"date":"2022-01-20T09:43:31","date_gmt":"2022-01-20T13:43:31","guid":{"rendered":"https:\/\/elluchador.info\/web\/?p=205498"},"modified":"2022-01-20T09:43:31","modified_gmt":"2022-01-20T13:43:31","slug":"vito-di-frisco-el-mundo-debe-conocer-saber-que-existe-la-musica-llanera-la-esencia-del-venezolano","status":"publish","type":"post","link":"https:\/\/elluchador.info\/?p=205498","title":{"rendered":"Vito\u00a0Di\u00a0Frisco: \u201cEl mundo debe conocer, saber, que existe la m\u00fasica llanera: la esencia del venezolano\u00bb"},"content":{"rendered":"<p>\u201cHablar de mi tema promocional, que en realidad son dos temas promocionales que est\u00e1n muy ligados, el primero es \u2018Mi Esperanza\u2019, que es de mi autor\u00eda (letra y m\u00fasica de Vito Di Frisco) el segundo se titula \u2018 Despedida\u2019, letra de un compositor apure\u00f1o Jim Darwin Silva. Son dos canciones que est\u00e1n orientadas , enfocadas hacia los migrantes venezolanos, que se encuentran en cada rinconcito de este planeta. He tratado de analizar sus corazones, \u00a0vivencias y plasmarlas para tocar esa fibra de ese venezolano que a\u00f1ora estar en su pa\u00eds,\u00a0 que pronto va a \u00a0regresar a entregarle esas cosas maravillosas que est\u00e1 aprendiendo.\u00a0 Porque Venezuela\u00a0 necesita de su gente,\u00a0 de su pueblo \u00a0y\u00a0 yo me encargo de cantarles con mucho cari\u00f1o\u00a0 y algunos lloran con estas canciones, \u00a0pero la intenci\u00f3n es hacerlos sentir un poquito cerca de su tierra y de su gente\u201d, resalt\u00f3\u00a0\u00a0Vito Di Frisco.<\/p>\n<p>Para el int\u00e9rprete la m\u00fasica llanera es la esencia del venezolano, \u201caunque es del llano, todo el pa\u00eds\u00a0 la adopt\u00f3 como la m\u00fasica representativa de Venezuela entera,\u00a0 hoy en d\u00eda en cada estado de Venezuela hay int\u00e9rpretes,\u00a0 m\u00fasicos, \u00a0compositores, que hacen joropos y pasajes, como\u00a0 \u00a0es la tradici\u00f3n del llano venezolano. Sin embargo, \u00a0en cada rinconcito del planeta podemos encontrar magn\u00edficos int\u00e9rpretes\u00a0 para el pa\u00eds, como todo valor cultural de suma importancia que representa parte de lo que somos, de lo que\u00a0 hemos\u00a0 sido y seguiremos siendo, porque cada canci\u00f3n est\u00e1 enmarcada en el amor en nuestros paisajes, en nuestra forma de ser, de vivir. Es una ense\u00f1anza para los j\u00f3venes mostrarles \u00a0c\u00f3mo ha sido el llano, c\u00f3mo ha sido Venezuela en el pasado, como es\u00a0 en el presente y cu\u00e1les son las cosas positivas y negativas \u00a0de cada \u00e9poca, para seguirla proyectando, a fin de que el mundo conozca lo que para m\u00ed es la m\u00fasica m\u00e1s bonita del mundo, la m\u00fasica de arpa, cuatro y maracas\u201d, afirm\u00f3.<\/p>\n<p>El cantautor\u00a0Vito\u00a0Di\u00a0Frisco\u00a0se ha trazado como meta difundir nuestra m\u00fasica llanera tradicional,\u00a0 en todos los rincones del mundo ,\u00a0 como una riqueza, patrimonio\u00a0 que como venezolanos nos pertenece y es un gran motivo de orgullo proyectando nuestro gentilicio y costumbres. En tal sentido, se encuentra promocionando los temas \u201cMi Esperanza\u201d y \u201cDespedida\u201d , que le cantan a ese venezolano que ha migrado\u00a0 a otros pa\u00edses tras la b\u00fasqueda de nuevos horizontes, pero que a\u00f1ora volver a su tierra y afectos.<\/p>\n<p>En estos momentos, el cantautor se encuentra planificando, preparando, su gira internacional que emprender\u00e1 durante los meses de Abril y Mayo en los Estados Unidos, pues se ha trazado como \u00a0uno de sus proyectos para este\u00a0 nuevo a\u00f1o,\u00a0 hacer una gran cantidad de conciertos y presentaciones,\u00a0 acompa\u00f1ado del reconocido int\u00e9rprete Miguelito D\u00edaz y un gran equipo \u00a0de venezolanos que\u00a0 est\u00e1n comprometidos en defender los colores de Venezuela, tal y c\u00f3mo lo ha expresado Di Frisco, pues espera\u00a0 llevar a cabo esta meta que desde hace casi seis a\u00f1os, es su norte, y que consiste en que \u201cel mundo debe conocer, saber que existe la m\u00fasica llanera, cada d\u00eda vamos a ganar fan\u00e1ticos, por ahora ese es nuestro proyecto y \u00a0estoy seguro de que se va a concretar, estamos haciendo las gestiones necesarias, para que\u00a0 se pueda dar. Mientras tanto estar\u00e9 d\u00e1ndole\u00a0 la vuelta al mundo a trav\u00e9s de los pa\u00edses de habla hispana. Los proyectos musicales\u00a0 para el 2022, son muy ambiciosos\u00a0 los cuales involucran gran parte de Estados Unidos y Europa,\u00a0 con la esperanza de que Dios nos permita y nos de salud, para seguir haciendo y defendiendo los colores de Venezuela\u201d.<\/p>\n<p><strong>TRAYECTORIA A PULSO<\/strong><\/p>\n<p>Vito Di Frisco ,\u00a0 naci\u00f3 en el estado Apure, uno de los estados con m\u00e1s\u00a0 trayectoria folkl\u00f3rica de m\u00fasica\u00a0 de arpa, cuatro y maracas.\u00a0 Se form\u00f3 en ese c\u00e1lido ambiente de fiestas de pueblo,\u00a0 bailes de joropo,\u00a0 contrapunteo, composiciones, en fin,\u00a0 fue lo que\u00a0 conoci\u00f3 \u00a0desde muy temprana edad, y eso lo llev\u00f3 a\u00a0 amar esta m\u00fasica y\u00a0 a identificarse con la\u00a0 tierra. Aunque es\u00a0 hijo de un italiano con una\u00a0 mujer\u00a0 criolla, \u201ccon una llanera criollita\u201d. \u201cA pesar de tener esa descendencia extranjera, siempre me inclin\u00e9 hacia esa m\u00fasica,\u00a0 tal vez apoyado por mi padre quien amaba desde lo m\u00e1s profundo de su coraz\u00f3n\u00a0 a esta tierra, \u00a0que como migrante lo recibi\u00f3, pues \u00a0Venezuela abri\u00f3 los brazos para tantos migrantes,\u00a0 de tantas nacionalidades. Y \u00a0les dio la oportunidad de surgir como familia, como personas y \u00a0nuevos venezolanos,\u00a0 eso es una de las cosas maravillosas de este pa\u00eds, por esa raz\u00f3n lo defiendo\u00a0 a trav\u00e9s de mis canciones y mi m\u00fasica\u201d, destac\u00f3.<\/p>\n<p>Comienza \u00a0\u00a0a cantar \u00a0participando \u00a0en los festivales escolares, como el de peque\u00f1os cantores que se hace en el estado Apure,\u00a0 en el llano venezolano: \u201cEl Cantaclaro\u201d. Posteriormente en\u00a0 el liceo \u00a0compon\u00eda,\u00a0 hac\u00eda \u00a0canciones, no de forma profesional;\u00a0\u00a0 hasta que logra su\u00a0 ingreso a la Universidad,\u00a0 iniciando \u00a0una parte de su carrera, de la mano de \u00a0los Festivales nacionales universitarios, en la universidad Yacamb\u00fa, donde cursaba \u00a0estudios , como casi todos los \u00a0cantantes de m\u00fasica llanera, en nuestro pa\u00eds. Gana \u00a0el primer lugar de este concurso. Despu\u00e9s \u00a0obtiene \u00a0el segundo lugar en \u201cLa Voz Nacional Universitaria\u201d, que se celebr\u00f3 en la ciudad de Barinas, en el a\u00f1o 1999. \u201cA\u00fan muy joven ya me empezaba a destacar en el contrapunteo llanero\u00a0 en la composici\u00f3n de canciones de golpes recios venezolanos y como cantante en distintas tarimas, as\u00ed empez\u00f3 mi carrera\u201d, apunta Di Frisco.<\/p>\n<p>Culmina sus \u00a0estudios universitarios en el a\u00f1o 2004.\u00a0 Se\u00a0 gradu\u00f3 en el 2001 de Licenciado en Gerencia Agroindustrial,\u00a0 en el estado Lara, en la Universidad Yacamb\u00fa, y posteriormente \u00a0obtiene\u00a0 el\u00a0 t\u00edtulo de Abogado en la Universidad Bicentenaria de Aragua.<\/p>\n<p>\u201cYo creo que para m\u00ed ser int\u00e9rprete, cantante de m\u00fasica llanera, \u00a0es una de las cosas\u00a0 maravillosas que me ha regalado Dios, aparte de mi familia, la vida, para m\u00ed es sumamente importante.\u00a0 Porque dicen\u00a0 que todo el que hace lo que le gusta no est\u00e1 trabajando, sino que se est\u00e1\u00a0 divirtiendo, para m\u00ed \u00a0es muy significativo\u00a0 llevar parte de lo que s\u00e9 hacer que es cantar y componer\u00a0 a un p\u00fablico,\u00a0 \u00a0que siempre est\u00e1 ansioso de escuchar \u00a0la m\u00fasica de su tierra.\u00a0 He\u00a0 tenido la oportunidad de llevarla a distintas partes de este planeta \u00a0y donde hay venezolanos, siempre hay amor por \u00a0nuestro acervo cultural. Es diferente cantarles en Venezuela que cantarles \u00a0\u00a0fuera del pa\u00eds, porque las emociones son distintas y de verdad que cada kil\u00f3metro que se recorre\u00a0 para encontrarse con un paisano, vale la pena y nunca me cansar\u00e9 de hacerlo, para \u00a0llevarles un pedacito del llano, un pedacito de Venezuela a sus corazones. Por eso creo que hasta que Dios\u00a0 me d\u00e9 la oportunidad de cantar, de interpretar esta m\u00fasica lo har\u00e9\u00a0 y es una de las cosas que a El le agradezco\u201d, expres\u00f3.<\/p>\n<p>Di\u00a0Frisco, \u00a0\u00a0\u00a0transmite \u00a0a trav\u00e9s de sus\u00a0 canciones un mensaje de alegr\u00eda , aunque aborda \u00a0temas de amor y desamor, \u00a0\u00a0presenta al llanero alegre , parrandero,\u00a0 \u00a0que ama, idolatra esta tierra, sus costumbres, su pueblo,\u00a0 paisajes,\u00a0 mostrando a su pa\u00eds.<\/p>\n<p>\u201cHe logrado muchas cosas, cuento con un pueblo maravilloso que siempre me ha respaldado, mi estado Apure de donde soy, dicen que nadie es profeta en su tierra, pero yo me considero\u00a0 que si lo he sido\u201d.<\/p>\n<p>Para seguir muy de cerca la promisoria carrera del cantautor, pueden acceder a su redes sociales,\u00a0 Instagram: @vitodifrisco1; tambi\u00e9n a trav\u00e9s de \u00a0su canal de Youtube: Vito Di Frisco.<\/p>\n<p><strong>Prensa Vito Di Frisco<\/strong><\/p>\n","protected":false},"excerpt":{"rendered":"<p>\u201cHablar de mi tema promocional, que en realidad son dos temas promocionales que est\u00e1n muy ligados, el primero es \u2018Mi Esperanza\u2019, que es de mi autor\u00eda (letra y m\u00fasica de Vito Di Frisco) el segundo se titula \u2018 Despedida\u2019, letra de un compositor apure\u00f1o Jim Darwin Silva. Son dos canciones que est\u00e1n orientadas , enfocadas [&hellip;]<\/p>\n","protected":false},"author":2,"featured_media":205499,"comment_status":"closed","ping_status":"closed","sticky":false,"template":"","format":"standard","meta":{"footnotes":""},"categories":[5,12],"tags":[],"class_list":{"0":"post-205498","1":"post","2":"type-post","3":"status-publish","4":"format-standard","5":"has-post-thumbnail","7":"category-destacado","8":"category-regionales"},"_links":{"self":[{"href":"https:\/\/elluchador.info\/index.php?rest_route=\/wp\/v2\/posts\/205498","targetHints":{"allow":["GET"]}}],"collection":[{"href":"https:\/\/elluchador.info\/index.php?rest_route=\/wp\/v2\/posts"}],"about":[{"href":"https:\/\/elluchador.info\/index.php?rest_route=\/wp\/v2\/types\/post"}],"author":[{"embeddable":true,"href":"https:\/\/elluchador.info\/index.php?rest_route=\/wp\/v2\/users\/2"}],"replies":[{"embeddable":true,"href":"https:\/\/elluchador.info\/index.php?rest_route=%2Fwp%2Fv2%2Fcomments&post=205498"}],"version-history":[{"count":1,"href":"https:\/\/elluchador.info\/index.php?rest_route=\/wp\/v2\/posts\/205498\/revisions"}],"predecessor-version":[{"id":205500,"href":"https:\/\/elluchador.info\/index.php?rest_route=\/wp\/v2\/posts\/205498\/revisions\/205500"}],"wp:featuredmedia":[{"embeddable":true,"href":"https:\/\/elluchador.info\/index.php?rest_route=\/wp\/v2\/media\/205499"}],"wp:attachment":[{"href":"https:\/\/elluchador.info\/index.php?rest_route=%2Fwp%2Fv2%2Fmedia&parent=205498"}],"wp:term":[{"taxonomy":"category","embeddable":true,"href":"https:\/\/elluchador.info\/index.php?rest_route=%2Fwp%2Fv2%2Fcategories&post=205498"},{"taxonomy":"post_tag","embeddable":true,"href":"https:\/\/elluchador.info\/index.php?rest_route=%2Fwp%2Fv2%2Ftags&post=205498"}],"curies":[{"name":"wp","href":"https:\/\/api.w.org\/{rel}","templated":true}]}}