{"id":205603,"date":"2022-01-23T19:18:04","date_gmt":"2022-01-23T23:18:04","guid":{"rendered":"https:\/\/elluchador.info\/web\/?p=205603"},"modified":"2022-01-23T19:18:04","modified_gmt":"2022-01-23T23:18:04","slug":"ministro-jose-ramon-rivero-y-alcalde-sergio-hernandez-participaron-en-gobierno-social-de-calle-en-catedral","status":"publish","type":"post","link":"https:\/\/elluchador.info\/?p=205603","title":{"rendered":"Ministro Jos\u00e9 Ram\u00f3n Rivero y Alcalde Sergio Hern\u00e1ndez participaron en Gobierno Social de Calle en Catedral"},"content":{"rendered":"<p><span style=\"font-weight: 400;\">El Gobierno revolucionario contin\u00faa con su Plan de Atenci\u00f3n a las V\u00edctimas de la Guerra Econ\u00f3mica y\u00a0 en esta ocasi\u00f3n se traslad\u00f3 el equipo multidisciplinario de Movimiento Somos Venezuela, Misiones y Grandes Misiones; junto el ministro del Poder Popular para el Proceso Social\u00a0 Jos\u00e9 Ram\u00f3n Rivero y el l\u00edder municipal hasta la\u00a0 Base de Misi\u00f3n Pueblo Heroico de Ciudad Bol\u00edvar.<\/span><\/p>\n<p><span style=\"font-weight: 400;\">En dicha actividad tambi\u00e9n estuvo presente, el diputado a la Asamblea Nacional, Ronald Bastardo; el presidente del CLEB, Armando Barreto, junto a la legisladora Dulce Guarnizo,\u00a0 los concejales Miguel Casanova, Desire Garc\u00eda, \u00c1ngel Flores, jefes de Ubch; l\u00edderes de calle; RAAS y el poder popular en uni\u00f3n C\u00edvico, Militar-Policial.<\/span><\/p>\n<p><span style=\"font-weight: 400;\">Junto a la coordinadora regional del MSV, Nairobis Guevara, el coordinador municipal del MSV, Francisco Bartolozzi y dem\u00e1s autoridades.<\/span><\/p>\n<p><span style=\"font-weight: 400;\">\u00abAqu\u00ed estamos una sola fuerza, las misiones y grandes misiones por y para el pueblo, atendi\u00e9ndolos de manera integral con la jornada m\u00e9dico asistencial, as\u00ed como la entrega de insumos para mejorar la calidad de vida\u00bb, dijo Rivero<\/span><\/p>\n<p><span style=\"font-weight: 400;\">Es importante mencionar que el abordaje social benefici\u00f3 a m\u00e1s de dos mil familias con atenci\u00f3n integral, salud, desarrollo productivo y emprendimiento.<\/span><\/p>\n<p><span style=\"font-weight: 400;\">\u00abPese a la guerra econ\u00f3mica aqu\u00ed estamos, seguimos adelante llevando las acciones sociales de un Gobierno responsable y de inclusi\u00f3n\u00bb, acot\u00f3.<\/span><\/p>\n<p><span style=\"font-weight: 400;\">Este accionar no solo es en la base de misiones, sino que tambi\u00e9n hace punto y c\u00edrculo para as\u00ed tener mayor alcance de las pol\u00edticas de Gobierno del presidente Constitucional Nicol\u00e1s Maduro; as\u00ed como de la mano con el gobernador del estado Bol\u00edvar, \u00c1ngel Marcano, quien apuesta por el renacer de la entidad.<\/span><\/p>\n<p><span style=\"font-weight: 400;\">Rivero agreg\u00f3 que en tiempos de bloqueo cada persona, cada comunidad, desarrolla planes y proyectos para as\u00ed impulsar el pa\u00eds.<\/span><\/p>\n<p><img loading=\"lazy\" decoding=\"async\" class=\"alignnone size-medium wp-image-205605\" src=\"https:\/\/elluchador.info\/web\/wp-content\/uploads\/2022\/01\/05-300x225.jpg\" alt=\"\" width=\"300\" height=\"225\" srcset=\"https:\/\/elluchador.info\/wp-content\/uploads\/2022\/01\/05-300x225.jpg 300w, https:\/\/elluchador.info\/wp-content\/uploads\/2022\/01\/05-1024x766.jpg 1024w, https:\/\/elluchador.info\/wp-content\/uploads\/2022\/01\/05-768x575.jpg 768w, https:\/\/elluchador.info\/wp-content\/uploads\/2022\/01\/05-561x420.jpg 561w, https:\/\/elluchador.info\/wp-content\/uploads\/2022\/01\/05-80x60.jpg 80w, https:\/\/elluchador.info\/wp-content\/uploads\/2022\/01\/05-100x75.jpg 100w, https:\/\/elluchador.info\/wp-content\/uploads\/2022\/01\/05-180x135.jpg 180w, https:\/\/elluchador.info\/wp-content\/uploads\/2022\/01\/05-238x178.jpg 238w, https:\/\/elluchador.info\/wp-content\/uploads\/2022\/01\/05-640x479.jpg 640w, https:\/\/elluchador.info\/wp-content\/uploads\/2022\/01\/05-681x510.jpg 681w, https:\/\/elluchador.info\/wp-content\/uploads\/2022\/01\/05.jpg 1280w\" sizes=\"auto, (max-width: 300px) 100vw, 300px\" \/><\/p>\n<p><b>\u00a1Juntos hacemos m\u00e1s!<\/b><\/p>\n<p><span style=\"font-weight: 400;\">El coordinador municipal del MSV, Francisco Bartolozzi indic\u00f3 que en este Gobierno de Calle se cumplen y cristalizan compromisos con el pueblo; realizando la entrega de ayudas t\u00e9cnicas, as\u00ed como asistencia social y de salud.<\/span><\/p>\n<p><span style=\"font-weight: 400;\">Por otro lado, Nairobis Guevara, coordinadora regional del Movimiento Somos Venezuela, expres\u00f3 que \u00abesto es un despliegue de acci\u00f3n de amor, orientado por nuestro presidente Nicol\u00e1s Maduro, para llevar atenci\u00f3n y protecci\u00f3n y as\u00ed garantizar el Plan de la Patria.<\/span><\/p>\n<p><span style=\"font-weight: 400;\">Asimismo, la concejala Desire Garc\u00eda, resalt\u00f3 que el pueblo est\u00e1 planteando los problemas y las alternativas para resolver, como un solo Gobierno y buscar la soluci\u00f3n inmediata, para mejorar la calidad de vida de los ciudadanos.<\/span><\/p>\n<p><span style=\"font-weight: 400;\">La directora de Salud en la entidad, Maribel Su\u00e1rez, a\u00f1adi\u00f3 que todo el equipo de la Alcald\u00eda Angostura del Orinoco junto al ISP, se desplegaron\u00a0 en el Gobierno de Calle para atender a la poblaci\u00f3n y dar respuesta oportuna a las necesidades de la comunidad.<\/span><\/p>\n<p><img loading=\"lazy\" decoding=\"async\" class=\"alignnone size-medium wp-image-205606\" src=\"https:\/\/elluchador.info\/web\/wp-content\/uploads\/2022\/01\/06-1-300x225.jpg\" alt=\"\" width=\"300\" height=\"225\" srcset=\"https:\/\/elluchador.info\/wp-content\/uploads\/2022\/01\/06-1-300x225.jpg 300w, https:\/\/elluchador.info\/wp-content\/uploads\/2022\/01\/06-1-1024x766.jpg 1024w, https:\/\/elluchador.info\/wp-content\/uploads\/2022\/01\/06-1-768x575.jpg 768w, https:\/\/elluchador.info\/wp-content\/uploads\/2022\/01\/06-1-561x420.jpg 561w, https:\/\/elluchador.info\/wp-content\/uploads\/2022\/01\/06-1-80x60.jpg 80w, https:\/\/elluchador.info\/wp-content\/uploads\/2022\/01\/06-1-100x75.jpg 100w, https:\/\/elluchador.info\/wp-content\/uploads\/2022\/01\/06-1-180x135.jpg 180w, https:\/\/elluchador.info\/wp-content\/uploads\/2022\/01\/06-1-238x178.jpg 238w, https:\/\/elluchador.info\/wp-content\/uploads\/2022\/01\/06-1-640x479.jpg 640w, https:\/\/elluchador.info\/wp-content\/uploads\/2022\/01\/06-1-681x510.jpg 681w, https:\/\/elluchador.info\/wp-content\/uploads\/2022\/01\/06-1.jpg 1280w\" sizes=\"auto, (max-width: 300px) 100vw, 300px\" \/><\/p>\n<p><span style=\"font-weight: 400;\">\u00a0\u201cLas visitas son con el pueblo y que ellos expresen sus necesidades, esperanzas y sus ganas de seguir luchando\u201d, finaliz\u00f3 el ministro Rivero.<\/span><\/p>\n<p><b>Prensa Alcald\u00eda A\/O<\/b><\/p>\n","protected":false},"excerpt":{"rendered":"<p>El Gobierno revolucionario contin\u00faa con su Plan de Atenci\u00f3n a las V\u00edctimas de la Guerra Econ\u00f3mica y\u00a0 en esta ocasi\u00f3n se traslad\u00f3 el equipo multidisciplinario de Movimiento Somos Venezuela, Misiones y Grandes Misiones; junto el ministro del Poder Popular para el Proceso Social\u00a0 Jos\u00e9 Ram\u00f3n Rivero y el l\u00edder municipal hasta la\u00a0 Base de Misi\u00f3n [&hellip;]<\/p>\n","protected":false},"author":2,"featured_media":205604,"comment_status":"closed","ping_status":"closed","sticky":false,"template":"","format":"standard","meta":{"footnotes":""},"categories":[5,20],"tags":[],"class_list":{"0":"post-205603","1":"post","2":"type-post","3":"status-publish","4":"format-standard","5":"has-post-thumbnail","7":"category-destacado","8":"category-municipal"},"_links":{"self":[{"href":"https:\/\/elluchador.info\/index.php?rest_route=\/wp\/v2\/posts\/205603","targetHints":{"allow":["GET"]}}],"collection":[{"href":"https:\/\/elluchador.info\/index.php?rest_route=\/wp\/v2\/posts"}],"about":[{"href":"https:\/\/elluchador.info\/index.php?rest_route=\/wp\/v2\/types\/post"}],"author":[{"embeddable":true,"href":"https:\/\/elluchador.info\/index.php?rest_route=\/wp\/v2\/users\/2"}],"replies":[{"embeddable":true,"href":"https:\/\/elluchador.info\/index.php?rest_route=%2Fwp%2Fv2%2Fcomments&post=205603"}],"version-history":[{"count":1,"href":"https:\/\/elluchador.info\/index.php?rest_route=\/wp\/v2\/posts\/205603\/revisions"}],"predecessor-version":[{"id":205607,"href":"https:\/\/elluchador.info\/index.php?rest_route=\/wp\/v2\/posts\/205603\/revisions\/205607"}],"wp:featuredmedia":[{"embeddable":true,"href":"https:\/\/elluchador.info\/index.php?rest_route=\/wp\/v2\/media\/205604"}],"wp:attachment":[{"href":"https:\/\/elluchador.info\/index.php?rest_route=%2Fwp%2Fv2%2Fmedia&parent=205603"}],"wp:term":[{"taxonomy":"category","embeddable":true,"href":"https:\/\/elluchador.info\/index.php?rest_route=%2Fwp%2Fv2%2Fcategories&post=205603"},{"taxonomy":"post_tag","embeddable":true,"href":"https:\/\/elluchador.info\/index.php?rest_route=%2Fwp%2Fv2%2Ftags&post=205603"}],"curies":[{"name":"wp","href":"https:\/\/api.w.org\/{rel}","templated":true}]}}