{"id":205622,"date":"2022-01-23T20:36:44","date_gmt":"2022-01-24T00:36:44","guid":{"rendered":"https:\/\/elluchador.info\/web\/?p=205622"},"modified":"2022-01-23T20:36:44","modified_gmt":"2022-01-24T00:36:44","slug":"se-extienden-las-protestas-en-europa-ante-medidas-contra-la-covid-19","status":"publish","type":"post","link":"https:\/\/elluchador.info\/?p=205622","title":{"rendered":"Se extienden las protestas en Europa ante medidas contra la COVID-19"},"content":{"rendered":"<p>La polic\u00eda us\u00f3 ca\u00f1ones de agua y gases lacrim\u00f3genos para dispersar una protesta este domingo en Bruselas en contra de las vacunas contra el\u00a0<strong>coronavirus<\/strong>\u00a0y las\u00a0<strong>medidas<\/strong>\u00a0aplicadas para tratar de frenar la propagaci\u00f3n de la\u00a0<strong>pandemia<\/strong>.<\/p>\n<p>Miles de personas acudieron a la protesta, algunas provenientes de Francia, Alemania y otros pa\u00edses. Los manifestantes coreaban \u201c\u00a1Libertad! \u00a1Libertad!\u201d mientras marchaban. Tambi\u00e9n hubo protestas en Barcelona, Espa\u00f1a.<\/p>\n<p>Las marchas sucedieron a las ocurridas el s\u00e1bado en diversas capitales europeas y que tambi\u00e9n atrajeron a miles de simpatizantes.<\/p>\n<p>En Bruselas, la polic\u00eda antimotines repetidamente embisti\u00f3 a los manifestantes, que ignoraron los llamados a dispersarse. Los agentes dispararon potentes chorros de agua y una nube de gas lacrim\u00f3geno cubr\u00eda la capital belga.<\/p>\n<p>Uno de los l\u00edderes de la protesta us\u00f3 un meg\u00e1fono para gritar \u201c\u00a1Adelante, gente! \u00a1No dejen que les quiten sus derechos!\u201d, mientras los polic\u00edas encaraban a los manifestantes que les lanzaban proyectiles e insultos.<\/p>\n<p>Algunos manifestantes hostigaron a un equipo de periodistas de video que cubr\u00edan la marcha para la Associated Press, empujando y amenazando a los periodistas y da\u00f1ando sus equipos. Un manifestante le dio una patada a un periodista y otro intent\u00f3 darle un pu\u00f1etazo.<\/p>\n<p>En Barcelona, los manifestantes marcharon y portaban carteles como uno que dec\u00eda \u201cNo es una pandemia, es una dictadura\u201d.<\/p>\n<p>El Impulso<\/p>\n","protected":false},"excerpt":{"rendered":"<p>La polic\u00eda us\u00f3 ca\u00f1ones de agua y gases lacrim\u00f3genos para dispersar una protesta este domingo en Bruselas en contra de las vacunas contra el\u00a0coronavirus\u00a0y las\u00a0medidas\u00a0aplicadas para tratar de frenar la propagaci\u00f3n de la\u00a0pandemia. Miles de personas acudieron a la protesta, algunas provenientes de Francia, Alemania y otros pa\u00edses. Los manifestantes coreaban \u201c\u00a1Libertad! \u00a1Libertad!\u201d mientras marchaban. [&hellip;]<\/p>\n","protected":false},"author":2,"featured_media":205624,"comment_status":"closed","ping_status":"closed","sticky":false,"template":"","format":"standard","meta":{"footnotes":""},"categories":[5,8],"tags":[504,503],"class_list":{"0":"post-205622","1":"post","2":"type-post","3":"status-publish","4":"format-standard","5":"has-post-thumbnail","7":"category-destacado","8":"category-internacionales","9":"tag-europa","10":"tag-protestas"},"_links":{"self":[{"href":"https:\/\/elluchador.info\/index.php?rest_route=\/wp\/v2\/posts\/205622","targetHints":{"allow":["GET"]}}],"collection":[{"href":"https:\/\/elluchador.info\/index.php?rest_route=\/wp\/v2\/posts"}],"about":[{"href":"https:\/\/elluchador.info\/index.php?rest_route=\/wp\/v2\/types\/post"}],"author":[{"embeddable":true,"href":"https:\/\/elluchador.info\/index.php?rest_route=\/wp\/v2\/users\/2"}],"replies":[{"embeddable":true,"href":"https:\/\/elluchador.info\/index.php?rest_route=%2Fwp%2Fv2%2Fcomments&post=205622"}],"version-history":[{"count":1,"href":"https:\/\/elluchador.info\/index.php?rest_route=\/wp\/v2\/posts\/205622\/revisions"}],"predecessor-version":[{"id":205625,"href":"https:\/\/elluchador.info\/index.php?rest_route=\/wp\/v2\/posts\/205622\/revisions\/205625"}],"wp:featuredmedia":[{"embeddable":true,"href":"https:\/\/elluchador.info\/index.php?rest_route=\/wp\/v2\/media\/205624"}],"wp:attachment":[{"href":"https:\/\/elluchador.info\/index.php?rest_route=%2Fwp%2Fv2%2Fmedia&parent=205622"}],"wp:term":[{"taxonomy":"category","embeddable":true,"href":"https:\/\/elluchador.info\/index.php?rest_route=%2Fwp%2Fv2%2Fcategories&post=205622"},{"taxonomy":"post_tag","embeddable":true,"href":"https:\/\/elluchador.info\/index.php?rest_route=%2Fwp%2Fv2%2Ftags&post=205622"}],"curies":[{"name":"wp","href":"https:\/\/api.w.org\/{rel}","templated":true}]}}