{"id":205641,"date":"2022-01-24T11:28:35","date_gmt":"2022-01-24T15:28:35","guid":{"rendered":"https:\/\/elluchador.info\/web\/?p=205641"},"modified":"2022-01-24T11:28:35","modified_gmt":"2022-01-24T15:28:35","slug":"sol-de-angostura-galardono-a-distinguidas-personalidades","status":"publish","type":"post","link":"https:\/\/elluchador.info\/?p=205641","title":{"rendered":"Sol de Angostura galardon\u00f3 a distinguidas personalidades"},"content":{"rendered":"<p style=\"font-weight: 400;\">***Emprendedores\u00a0de\u00a0El Manteco fueron homenajeados por su loable labor al servicio\u00a0de\u00a0la comunidad<\/p>\n<p style=\"font-weight: 400;\">La organizaci\u00f3n de radiodifusores Sol de Angostura que preside el experimentado comunicador social, Alexander D\u00edaz, celebr\u00f3 importantes actividades los primeros d\u00edas de este 2022, en el sector El Manteco del municipio Piar, para honran a hombres y mujeres que con su labor han contribuido al desarrollo social, cultural y al bienestar pleno e integral de esta localidad ubicada al sur del estado Bol\u00edvar.<\/p>\n<p style=\"font-weight: 400;\"><strong>Menci\u00f3n especial merecen los emprendedores:<\/strong><\/p>\n<figure id=\"attachment_205642\" aria-describedby=\"caption-attachment-205642\" style=\"width: 138px\" class=\"wp-caption alignnone\"><img loading=\"lazy\" decoding=\"async\" class=\"size-medium wp-image-205642\" src=\"https:\/\/elluchador.info\/web\/wp-content\/uploads\/2022\/01\/01-1-138x300.jpeg\" alt=\"\" width=\"138\" height=\"300\" srcset=\"https:\/\/elluchador.info\/wp-content\/uploads\/2022\/01\/01-1-138x300.jpeg 138w, https:\/\/elluchador.info\/wp-content\/uploads\/2022\/01\/01-1-473x1024.jpeg 473w, https:\/\/elluchador.info\/wp-content\/uploads\/2022\/01\/01-1-194x420.jpeg 194w, https:\/\/elluchador.info\/wp-content\/uploads\/2022\/01\/01-1.jpeg 480w\" sizes=\"auto, (max-width: 138px) 100vw, 138px\" \/><figcaption id=\"caption-attachment-205642\" class=\"wp-caption-text\">Yan Salazar, seleccionado como Empresario del a\u00f1o<\/figcaption><\/figure>\n<p style=\"font-weight: 400;\">Yan Salazar, seleccionado como Empresario del a\u00f1o por su desprendida acci\u00f3n en pro del deporte y apoyo a labores comunitarias en la zona.<\/p>\n<figure id=\"attachment_205643\" aria-describedby=\"caption-attachment-205643\" style=\"width: 173px\" class=\"wp-caption alignnone\"><img loading=\"lazy\" decoding=\"async\" class=\"size-medium wp-image-205643\" src=\"https:\/\/elluchador.info\/web\/wp-content\/uploads\/2022\/01\/02-173x300.jpeg\" alt=\"\" width=\"173\" height=\"300\" srcset=\"https:\/\/elluchador.info\/wp-content\/uploads\/2022\/01\/02-173x300.jpeg 173w, https:\/\/elluchador.info\/wp-content\/uploads\/2022\/01\/02-242x420.jpeg 242w, https:\/\/elluchador.info\/wp-content\/uploads\/2022\/01\/02.jpeg 573w\" sizes=\"auto, (max-width: 173px) 100vw, 173px\" \/><figcaption id=\"caption-attachment-205643\" class=\"wp-caption-text\">Javier Torres,\u00a0l\u00edder social<\/figcaption><\/figure>\n<p style=\"font-weight: 400;\">El l\u00edder social, Javier Torres, joven de gran testimonio de lucha social, quien agradeci\u00f3 a Dios por esta distinci\u00f3n que le permite honrar su palabra de continuar con sus proyectos para la difusi\u00f3n de las buena nuevas de salvaci\u00f3n del Se\u00f1or Jesucristo.<\/p>\n<figure id=\"attachment_205644\" aria-describedby=\"caption-attachment-205644\" style=\"width: 261px\" class=\"wp-caption alignnone\"><img loading=\"lazy\" decoding=\"async\" class=\"size-medium wp-image-205644\" src=\"https:\/\/elluchador.info\/web\/wp-content\/uploads\/2022\/01\/03-261x300.jpeg\" alt=\"\" width=\"261\" height=\"300\" srcset=\"https:\/\/elluchador.info\/wp-content\/uploads\/2022\/01\/03-261x300.jpeg 261w, https:\/\/elluchador.info\/wp-content\/uploads\/2022\/01\/03-891x1024.jpeg 891w, https:\/\/elluchador.info\/wp-content\/uploads\/2022\/01\/03-768x882.jpeg 768w, https:\/\/elluchador.info\/wp-content\/uploads\/2022\/01\/03-366x420.jpeg 366w, https:\/\/elluchador.info\/wp-content\/uploads\/2022\/01\/03-640x735.jpeg 640w, https:\/\/elluchador.info\/wp-content\/uploads\/2022\/01\/03-681x782.jpeg 681w, https:\/\/elluchador.info\/wp-content\/uploads\/2022\/01\/03.jpeg 940w\" sizes=\"auto, (max-width: 261px) 100vw, 261px\" \/><figcaption id=\"caption-attachment-205644\" class=\"wp-caption-text\">El empresario C\u00e9sar Castro<\/figcaption><\/figure>\n<p style=\"font-weight: 400;\">El empresario C\u00e9sar Castro, quien visiblemente emocionado, en compa\u00f1\u00eda de su esposa, agradeci\u00f3 el respaldo que los moradores de las zonas mineras y rurales han brindado a su empresa Comercial JH, C.A.<\/p>\n<figure id=\"attachment_205645\" aria-describedby=\"caption-attachment-205645\" style=\"width: 203px\" class=\"wp-caption alignnone\"><img loading=\"lazy\" decoding=\"async\" class=\"size-medium wp-image-205645\" src=\"https:\/\/elluchador.info\/web\/wp-content\/uploads\/2022\/01\/04-203x300.jpeg\" alt=\"\" width=\"203\" height=\"300\" srcset=\"https:\/\/elluchador.info\/wp-content\/uploads\/2022\/01\/04-203x300.jpeg 203w, https:\/\/elluchador.info\/wp-content\/uploads\/2022\/01\/04.jpeg 281w\" sizes=\"auto, (max-width: 203px) 100vw, 203px\" \/><figcaption id=\"caption-attachment-205645\" class=\"wp-caption-text\">El joven Germ\u00e1n Garc\u00eda<\/figcaption><\/figure>\n<p style=\"font-weight: 400;\">El joven Germ\u00e1n Garc\u00eda, de gran arraigo en la zona por su labor emprendedora.<\/p>\n<figure id=\"attachment_205647\" aria-describedby=\"caption-attachment-205647\" style=\"width: 169px\" class=\"wp-caption alignnone\"><img loading=\"lazy\" decoding=\"async\" class=\"size-medium wp-image-205647\" src=\"https:\/\/elluchador.info\/web\/wp-content\/uploads\/2022\/01\/05-169x300.jpeg\" alt=\"\" width=\"169\" height=\"300\" srcset=\"https:\/\/elluchador.info\/wp-content\/uploads\/2022\/01\/05-169x300.jpeg 169w, https:\/\/elluchador.info\/wp-content\/uploads\/2022\/01\/05-236x420.jpeg 236w, https:\/\/elluchador.info\/wp-content\/uploads\/2022\/01\/05.jpeg 576w\" sizes=\"auto, (max-width: 169px) 100vw, 169px\" \/><figcaption id=\"caption-attachment-205647\" class=\"wp-caption-text\">Jhan Carlos Santana, emprendedor local<\/figcaption><\/figure>\n<p style=\"font-weight: 400;\">Jhan Carlos Santana, emprendedor local, reconocido como hacedor de ciudadan\u00eda en Piar.<\/p>\n<figure id=\"attachment_205648\" aria-describedby=\"caption-attachment-205648\" style=\"width: 300px\" class=\"wp-caption alignnone\"><img loading=\"lazy\" decoding=\"async\" class=\"size-medium wp-image-205648\" src=\"https:\/\/elluchador.info\/web\/wp-content\/uploads\/2022\/01\/06-300x188.jpeg\" alt=\"\" width=\"300\" height=\"188\" srcset=\"https:\/\/elluchador.info\/wp-content\/uploads\/2022\/01\/06-300x188.jpeg 300w, https:\/\/elluchador.info\/wp-content\/uploads\/2022\/01\/06-1024x640.jpeg 1024w, https:\/\/elluchador.info\/wp-content\/uploads\/2022\/01\/06-768x480.jpeg 768w, https:\/\/elluchador.info\/wp-content\/uploads\/2022\/01\/06-672x420.jpeg 672w, https:\/\/elluchador.info\/wp-content\/uploads\/2022\/01\/06-640x400.jpeg 640w, https:\/\/elluchador.info\/wp-content\/uploads\/2022\/01\/06-681x426.jpeg 681w, https:\/\/elluchador.info\/wp-content\/uploads\/2022\/01\/06.jpeg 1080w\" sizes=\"auto, (max-width: 300px) 100vw, 300px\" \/><figcaption id=\"caption-attachment-205648\" class=\"wp-caption-text\">Gabriel Paredes y Kelvin Seijas<\/figcaption><\/figure>\n<p style=\"font-weight: 400;\">J\u00f3venes representantes de la Noel empresa Barber\u00eda Yireth, Gabriel Paredes y Kelvin Seijas.<\/p>\n<p><strong>Prensa Sol de Angostura<\/strong><\/p>\n","protected":false},"excerpt":{"rendered":"<p>***Emprendedores\u00a0de\u00a0El Manteco fueron homenajeados por su loable labor al servicio\u00a0de\u00a0la comunidad La organizaci\u00f3n de radiodifusores Sol de Angostura que preside el experimentado comunicador social, Alexander D\u00edaz, celebr\u00f3 importantes actividades los primeros d\u00edas de este 2022, en el sector El Manteco del municipio Piar, para honran a hombres y mujeres que con su labor han contribuido [&hellip;]<\/p>\n","protected":false},"author":2,"featured_media":205649,"comment_status":"closed","ping_status":"closed","sticky":false,"template":"","format":"standard","meta":{"footnotes":""},"categories":[5,12],"tags":[],"class_list":{"0":"post-205641","1":"post","2":"type-post","3":"status-publish","4":"format-standard","5":"has-post-thumbnail","7":"category-destacado","8":"category-regionales"},"_links":{"self":[{"href":"https:\/\/elluchador.info\/index.php?rest_route=\/wp\/v2\/posts\/205641","targetHints":{"allow":["GET"]}}],"collection":[{"href":"https:\/\/elluchador.info\/index.php?rest_route=\/wp\/v2\/posts"}],"about":[{"href":"https:\/\/elluchador.info\/index.php?rest_route=\/wp\/v2\/types\/post"}],"author":[{"embeddable":true,"href":"https:\/\/elluchador.info\/index.php?rest_route=\/wp\/v2\/users\/2"}],"replies":[{"embeddable":true,"href":"https:\/\/elluchador.info\/index.php?rest_route=%2Fwp%2Fv2%2Fcomments&post=205641"}],"version-history":[{"count":2,"href":"https:\/\/elluchador.info\/index.php?rest_route=\/wp\/v2\/posts\/205641\/revisions"}],"predecessor-version":[{"id":205651,"href":"https:\/\/elluchador.info\/index.php?rest_route=\/wp\/v2\/posts\/205641\/revisions\/205651"}],"wp:featuredmedia":[{"embeddable":true,"href":"https:\/\/elluchador.info\/index.php?rest_route=\/wp\/v2\/media\/205649"}],"wp:attachment":[{"href":"https:\/\/elluchador.info\/index.php?rest_route=%2Fwp%2Fv2%2Fmedia&parent=205641"}],"wp:term":[{"taxonomy":"category","embeddable":true,"href":"https:\/\/elluchador.info\/index.php?rest_route=%2Fwp%2Fv2%2Fcategories&post=205641"},{"taxonomy":"post_tag","embeddable":true,"href":"https:\/\/elluchador.info\/index.php?rest_route=%2Fwp%2Fv2%2Ftags&post=205641"}],"curies":[{"name":"wp","href":"https:\/\/api.w.org\/{rel}","templated":true}]}}