{"id":205652,"date":"2022-01-24T11:47:38","date_gmt":"2022-01-24T15:47:38","guid":{"rendered":"https:\/\/elluchador.info\/web\/?p=205652"},"modified":"2022-01-24T11:47:38","modified_gmt":"2022-01-24T15:47:38","slug":"colombia-vuelve-a-superar-las-200-muertes-por-covid-19-en-cuarto-pico-de-pandemia","status":"publish","type":"post","link":"https:\/\/elluchador.info\/?p=205652","title":{"rendered":"Colombia vuelve a superar las 200 muertes por COVID-19 en cuarto pico de pandemia"},"content":{"rendered":"<p>El Ministerio de Salud de Colombia inform\u00f3 este domingo que durante la \u00faltima jornada en el pa\u00eds murieron 217 personas como consecuencia de la COVID-19, enfermedad que en el pa\u00eds ha ocasionado 132.240 fallecimientos.<\/p>\n<p>Desde el pasado mes de agosto, cuando el pa\u00eds atravesaba por el tercer pico de contagios, no se registraban en el territorio nacional m\u00e1s de 200 muertes derivadas del coronavirus.<\/p>\n<p>En el mismo reporte el ente sanitario confirm\u00f3 que en el pa\u00eds sudamericano hay 147.398 casos activos confirmados y que en las \u00faltimas 24 horas se contagiaron 26.087 personas.<\/p>\n<p>De otro lado inform\u00f3 que las regiones del pa\u00eds m\u00e1s afectadas por el coronavirus son Bogot\u00e1, Santander, Antioquia, Barranquilla, Cundinamarca, Valle, Atl\u00e1ntico, C\u00f3rdoba y Norte de Santander.<\/p>\n<p>En Bogot\u00e1, la ciudad con m\u00e1s casos reportados del pa\u00eds, la mayor\u00eda de colegios p\u00fablicos y privados abrir\u00e1n ma\u00f1ana sus puertas al cien por ciento de la poblaci\u00f3n estudiantil a pesar del pico de contagios.<\/p>\n<p>El Ministerio de Salud inform\u00f3 tambi\u00e9n hoy que en el pa\u00eds se han aplicado 69.789.455 dosis de vacunas contra la COVID-19, que se han completado 30.681.379 esquemas de vacunaci\u00f3n y que 5.038.247 personas se han aplicado ya la dosis de refuerzo.<\/p>\n<p>La pandemia por COVID-19 en Colombia ha afectado a 5.740.179 personas de las cuales 5.441.021 se han recuperado.<\/p>\n<p><strong>Xinhua<\/strong><\/p>\n","protected":false},"excerpt":{"rendered":"<p>El Ministerio de Salud de Colombia inform\u00f3 este domingo que durante la \u00faltima jornada en el pa\u00eds murieron 217 personas como consecuencia de la COVID-19, enfermedad que en el pa\u00eds ha ocasionado 132.240 fallecimientos. Desde el pasado mes de agosto, cuando el pa\u00eds atravesaba por el tercer pico de contagios, no se registraban en el [&hellip;]<\/p>\n","protected":false},"author":2,"featured_media":205653,"comment_status":"closed","ping_status":"closed","sticky":false,"template":"","format":"standard","meta":{"footnotes":""},"categories":[8],"tags":[],"class_list":{"0":"post-205652","1":"post","2":"type-post","3":"status-publish","4":"format-standard","5":"has-post-thumbnail","7":"category-internacionales"},"_links":{"self":[{"href":"https:\/\/elluchador.info\/index.php?rest_route=\/wp\/v2\/posts\/205652","targetHints":{"allow":["GET"]}}],"collection":[{"href":"https:\/\/elluchador.info\/index.php?rest_route=\/wp\/v2\/posts"}],"about":[{"href":"https:\/\/elluchador.info\/index.php?rest_route=\/wp\/v2\/types\/post"}],"author":[{"embeddable":true,"href":"https:\/\/elluchador.info\/index.php?rest_route=\/wp\/v2\/users\/2"}],"replies":[{"embeddable":true,"href":"https:\/\/elluchador.info\/index.php?rest_route=%2Fwp%2Fv2%2Fcomments&post=205652"}],"version-history":[{"count":1,"href":"https:\/\/elluchador.info\/index.php?rest_route=\/wp\/v2\/posts\/205652\/revisions"}],"predecessor-version":[{"id":205654,"href":"https:\/\/elluchador.info\/index.php?rest_route=\/wp\/v2\/posts\/205652\/revisions\/205654"}],"wp:featuredmedia":[{"embeddable":true,"href":"https:\/\/elluchador.info\/index.php?rest_route=\/wp\/v2\/media\/205653"}],"wp:attachment":[{"href":"https:\/\/elluchador.info\/index.php?rest_route=%2Fwp%2Fv2%2Fmedia&parent=205652"}],"wp:term":[{"taxonomy":"category","embeddable":true,"href":"https:\/\/elluchador.info\/index.php?rest_route=%2Fwp%2Fv2%2Fcategories&post=205652"},{"taxonomy":"post_tag","embeddable":true,"href":"https:\/\/elluchador.info\/index.php?rest_route=%2Fwp%2Fv2%2Ftags&post=205652"}],"curies":[{"name":"wp","href":"https:\/\/api.w.org\/{rel}","templated":true}]}}