{"id":205820,"date":"2022-01-28T18:53:35","date_gmt":"2022-01-28T22:53:35","guid":{"rendered":"https:\/\/elluchador.info\/web\/?p=205820"},"modified":"2022-01-28T18:53:35","modified_gmt":"2022-01-28T22:53:35","slug":"instalado-comite-de-seguridad-en-comunidades-indigenas-de-bolivar","status":"publish","type":"post","link":"https:\/\/elluchador.info\/?p=205820","title":{"rendered":"Instalado Comit\u00e9 de Seguridad en comunidades Ind\u00edgenas de Bol\u00edvar"},"content":{"rendered":"<p>Con el objetivo de cumplir el compromiso asumido por el gobernador del estado Bol\u00edvar, \u00c1ngel Marcano, con las comunidades ind\u00edgenas del municipio Sifontes, se llev\u00f3 a cabo una reuni\u00f3n con el secretario de Seguridad Ciudadana de la regi\u00f3n G\/D Edgar Colina Reyes y representantes de los 22 sectores ind\u00edgenas que hacen vida en la zona.<\/p>\n<p>A la actividad asistieron capitanes\u00a0\u00a0generales ind\u00edgenas de las comunidades; Joboshirima y San Miguel de Betania,\u00a0\u00a0Luis Miranda y \u00c1lvaro Miranda, respectivamente;\u00a0 el presidente de la Federaci\u00f3n Ind\u00edgena Bol\u00edvar \u00c1lvaro Fern\u00e1ndez, tambi\u00e9n estuvo presente \u00c1lvaro Ruiz , comisionado de Asuntos Fronterizos, Irayma Guti\u00e9rrez Fiscal 5ta del Ministerio P\u00fablico, teniente coronel de la Guardia Nacional Bolivariana (GNB), Gonz\u00e1lez Machado,\u00a0 comandante del Destacamento 624 Tumeremo y dem\u00e1s organismos de Seguridad Ciudadana de la entidad.<\/p>\n<p>Esta reuni\u00f3n permiti\u00f3 buscar una pronta soluci\u00f3n al respeto de los espacios de la poblaci\u00f3n ind\u00edgena, donde se registraron conflictos por parte de los Grupos de Delincuencia Organizada (GEDO), quienes buscaban apoderarse de \u00e1reas mineras pertenecientes a los ind\u00edgenas.<\/p>\n<p><strong>Comit\u00e9 de Seguridad<\/strong><\/p>\n<p>Con estas acciones el gobernador \u00c1ngel Marcano a trav\u00e9s de la Secretar\u00eda de Seguridad Ciudadana, da\u00a0respuestas al conflicto que dej\u00f3 como resultado el cierre de la Troncal 10, a la altura del kil\u00f3metro 76, que comunica hacia Santa Elena de Uair\u00e9n, municipio Gran Sabana.<\/p>\n<p>El secretario de Seguridad Ciudadana G\/D Edgar Colina Reyes, manifest\u00f3 su inter\u00e9s en generar un Plan Preventivo de Seguridad Ciudadana\u00a0en la Zona 4 Cuyun\u00ed, de las poblaciones y comunidades ind\u00edgenas de ese sector, para atender todas las necesidades y requerimientos.<\/p>\n<p>Resalt\u00f3 la necesidad de iniciar jornadas sociales en beneficio de los diferentes sectores ind\u00edgenas, para\u00a0garantizar el libre desarrollo individual y colectivo, as\u00ed como la soberan\u00eda, convivencia y paz\u00a0en el estado Bol\u00edvar.<\/p>\n<p>Durante el encuentro se instal\u00f3 el Comit\u00e9 de Seguridad en las Comunidades Ind\u00edgenas, con el objetivo de trabajar articuladamente para evitar que se produzca hechos de violencia.<\/p>\n<p><strong>Prensa Gobernaci\u00f3n de Bol\u00edvar<\/strong><\/p>\n","protected":false},"excerpt":{"rendered":"<p>Con el objetivo de cumplir el compromiso asumido por el gobernador del estado Bol\u00edvar, \u00c1ngel Marcano, con las comunidades ind\u00edgenas del municipio Sifontes, se llev\u00f3 a cabo una reuni\u00f3n con el secretario de Seguridad Ciudadana de la regi\u00f3n G\/D Edgar Colina Reyes y representantes de los 22 sectores ind\u00edgenas que hacen vida en la zona. [&hellip;]<\/p>\n","protected":false},"author":2,"featured_media":205821,"comment_status":"closed","ping_status":"closed","sticky":false,"template":"","format":"standard","meta":{"footnotes":""},"categories":[5,13],"tags":[529,164,530,385],"class_list":{"0":"post-205820","1":"post","2":"type-post","3":"status-publish","4":"format-standard","5":"has-post-thumbnail","7":"category-destacado","8":"category-sucesos","9":"tag-comite","10":"tag-indigenas","11":"tag-k88","12":"tag-sifontes"},"_links":{"self":[{"href":"https:\/\/elluchador.info\/index.php?rest_route=\/wp\/v2\/posts\/205820","targetHints":{"allow":["GET"]}}],"collection":[{"href":"https:\/\/elluchador.info\/index.php?rest_route=\/wp\/v2\/posts"}],"about":[{"href":"https:\/\/elluchador.info\/index.php?rest_route=\/wp\/v2\/types\/post"}],"author":[{"embeddable":true,"href":"https:\/\/elluchador.info\/index.php?rest_route=\/wp\/v2\/users\/2"}],"replies":[{"embeddable":true,"href":"https:\/\/elluchador.info\/index.php?rest_route=%2Fwp%2Fv2%2Fcomments&post=205820"}],"version-history":[{"count":1,"href":"https:\/\/elluchador.info\/index.php?rest_route=\/wp\/v2\/posts\/205820\/revisions"}],"predecessor-version":[{"id":205822,"href":"https:\/\/elluchador.info\/index.php?rest_route=\/wp\/v2\/posts\/205820\/revisions\/205822"}],"wp:featuredmedia":[{"embeddable":true,"href":"https:\/\/elluchador.info\/index.php?rest_route=\/wp\/v2\/media\/205821"}],"wp:attachment":[{"href":"https:\/\/elluchador.info\/index.php?rest_route=%2Fwp%2Fv2%2Fmedia&parent=205820"}],"wp:term":[{"taxonomy":"category","embeddable":true,"href":"https:\/\/elluchador.info\/index.php?rest_route=%2Fwp%2Fv2%2Fcategories&post=205820"},{"taxonomy":"post_tag","embeddable":true,"href":"https:\/\/elluchador.info\/index.php?rest_route=%2Fwp%2Fv2%2Ftags&post=205820"}],"curies":[{"name":"wp","href":"https:\/\/api.w.org\/{rel}","templated":true}]}}