{"id":205873,"date":"2022-01-29T15:52:00","date_gmt":"2022-01-29T19:52:00","guid":{"rendered":"https:\/\/elluchador.info\/web\/?p=205873"},"modified":"2022-01-29T15:52:00","modified_gmt":"2022-01-29T19:52:00","slug":"mattarella-reelegido-presidente-de-italia","status":"publish","type":"post","link":"https:\/\/elluchador.info\/?p=205873","title":{"rendered":"Mattarella reelegido presidente de Italia"},"content":{"rendered":"<p>Por aclamaci\u00f3n, Sergio Mattarella (Palermo, 1941) ha sido reelegido por el parlamento, con gran mayor\u00eda, para un nuevo mandato de siete a\u00f1os. La decisi\u00f3n ha sido recibida con gran alivio en Italia y en Europa, porque el pa\u00eds tendr\u00e1 al menos durante un a\u00f1o (en la primavera del 2023 hay previstas elecciones generales), al frente de sus dos principales instituciones a las dos figuras de mayor prestigio que hoy dirigen el destino italiano: Mattarella y Mario Draghi.<\/p>\n<p>Despu\u00e9s de una semana surrealista, por la confusi\u00f3n y profunda divisi\u00f3n de los partidos pol\u00edticos en la elecci\u00f3n presidencial, el jurista Sergio Matarella, que se inici\u00f3 hace 40 a\u00f1os en la democracia cristiana, ha salvado el parlamento del caos al aceptar una reelecci\u00f3n que durante meses rechaz\u00f3 de todos los modos posibles.<\/p>\n<p>Al final se ha llegado a la soluci\u00f3n m\u00e1s favorable para la estabilidad pol\u00edtica del pa\u00eds, pero deja un c\u00famulo de escombros de los partidos pol\u00edticos por su incapacidad para encontrar un sucesor a Matarella, cuyo mandato concluye el pr\u00f3ximo jueves.<\/p>\n<p>El primer ministro Draghi tuvo que pedirle, en un encuentro en la ma\u00f1ana del s\u00e1bado, que siguiera en el Quirinal por \u00abel bien y la estabilidad del pa\u00eds\u00bb. Mario Draghi habl\u00f3 despu\u00e9s con los l\u00edderes pol\u00edticos de los partidos que forman el Gobierno de unidad nacional: Movimiento 5 Estrellas, Liga, Forza Italia, Partido Democr\u00e1tico, Italia Viva y Libres e Iguales. Todos apoyaron la reelecci\u00f3n de Mattarella, expresando la misma idea: \u00abEs una \u00f3ptima noticia para Italia\u00bb. Contraria y \u00absorprendida\u00bb por la reelecci\u00f3n se mostr\u00f3 Giorgia Meloni, l\u00edder de Hermanos de Italia, \u00fanico partido importante fuera del gobierno.<\/p>\n<p>Antes de la votaci\u00f3n en el Parlamento, acudieron al Quirinal los jefes de los grupos parlamentarios de la mayor\u00eda gubernamental, para solicitar formalmente a Mattarella su disponibilidad para seguir en el Quirinal. Despu\u00e9s lo hicieron los presidentes regionales, para expresar el sentimiento del pa\u00eds, que clamaba por su continuidad. El presidente, se mostr\u00f3 agradecido: \u00abTen\u00eda otros planes, pero si sirve aqu\u00ed estoy. Les agradezco la estima\u00bb.<\/p>\n<p>El hecho de que, en nueve a\u00f1os, los partidos pol\u00edticos hayan tenido que rogar a dos presidentes (el anterior fue Giorgio Napolitano, en el 2013) que prorrogaran su mandato, por la incapacidad de la pol\u00edtica de encontrar un sucesor, refleja un fracaso y bloqueo de la pol\u00edtica italiana. Sin olvidar que en febrero har\u00e1 un a\u00f1o que Matarella tuvo tambi\u00e9n que llamar a Draghi ante la emergencia de un gobierno fr\u00e1gil sin suficiente mayor\u00eda parlamentaria.<\/p>\n<p>El espect\u00e1culo que ahora ha dado el Parlamento ha sido indecoroso, seg\u00fan numerosos analistas. El caso m\u00e1s llamativo fue el protagonizado por el secretario de la Liga, Matteo Salvini, y el l\u00edder del Movimiento del M5E, Giuseppe Conte, anunciando el viernes el nombre de la jefa de la Inteligencia, Elisabetta Belloni, como presidenta de la Rep\u00fablica, antes de que la mayor\u00eda lo aprobara, \u00abquemando\u00bb as\u00ed una figura prestigiosa, estimada por todos que pod\u00eda haber sido la primera mujer presidenta de la Rep\u00fablica. Fue uno de los episodios de la semana m\u00e1s loca de la pol\u00edtica italiana.<\/p>\n<p>ABC<\/p>\n","protected":false},"excerpt":{"rendered":"<p>Por aclamaci\u00f3n, Sergio Mattarella (Palermo, 1941) ha sido reelegido por el parlamento, con gran mayor\u00eda, para un nuevo mandato de siete a\u00f1os. La decisi\u00f3n ha sido recibida con gran alivio en Italia y en Europa, porque el pa\u00eds tendr\u00e1 al menos durante un a\u00f1o (en la primavera del 2023 hay previstas elecciones generales), al frente [&hellip;]<\/p>\n","protected":false},"author":2,"featured_media":205874,"comment_status":"closed","ping_status":"closed","sticky":false,"template":"","format":"standard","meta":{"footnotes":""},"categories":[8,11],"tags":[],"class_list":{"0":"post-205873","1":"post","2":"type-post","3":"status-publish","4":"format-standard","5":"has-post-thumbnail","7":"category-internacionales","8":"category-politica"},"_links":{"self":[{"href":"https:\/\/elluchador.info\/index.php?rest_route=\/wp\/v2\/posts\/205873","targetHints":{"allow":["GET"]}}],"collection":[{"href":"https:\/\/elluchador.info\/index.php?rest_route=\/wp\/v2\/posts"}],"about":[{"href":"https:\/\/elluchador.info\/index.php?rest_route=\/wp\/v2\/types\/post"}],"author":[{"embeddable":true,"href":"https:\/\/elluchador.info\/index.php?rest_route=\/wp\/v2\/users\/2"}],"replies":[{"embeddable":true,"href":"https:\/\/elluchador.info\/index.php?rest_route=%2Fwp%2Fv2%2Fcomments&post=205873"}],"version-history":[{"count":1,"href":"https:\/\/elluchador.info\/index.php?rest_route=\/wp\/v2\/posts\/205873\/revisions"}],"predecessor-version":[{"id":205875,"href":"https:\/\/elluchador.info\/index.php?rest_route=\/wp\/v2\/posts\/205873\/revisions\/205875"}],"wp:featuredmedia":[{"embeddable":true,"href":"https:\/\/elluchador.info\/index.php?rest_route=\/wp\/v2\/media\/205874"}],"wp:attachment":[{"href":"https:\/\/elluchador.info\/index.php?rest_route=%2Fwp%2Fv2%2Fmedia&parent=205873"}],"wp:term":[{"taxonomy":"category","embeddable":true,"href":"https:\/\/elluchador.info\/index.php?rest_route=%2Fwp%2Fv2%2Fcategories&post=205873"},{"taxonomy":"post_tag","embeddable":true,"href":"https:\/\/elluchador.info\/index.php?rest_route=%2Fwp%2Fv2%2Ftags&post=205873"}],"curies":[{"name":"wp","href":"https:\/\/api.w.org\/{rel}","templated":true}]}}