{"id":205889,"date":"2022-01-30T18:55:44","date_gmt":"2022-01-30T22:55:44","guid":{"rendered":"https:\/\/elluchador.info\/web\/?p=205889"},"modified":"2022-01-30T18:55:44","modified_gmt":"2022-01-30T22:55:44","slug":"isp-bolivar-despliega-conversatorio-sobre-control-prenatal-y-vacunacion-contra-covid-19","status":"publish","type":"post","link":"https:\/\/elluchador.info\/?p=205889","title":{"rendered":"ISP Bol\u00edvar despliega conversatorio sobre control prenatal y vacunaci\u00f3n contra Covid-19"},"content":{"rendered":"<p><b>\u00a0<\/b><span style=\"font-weight: 400;\">A trav\u00e9s de los programas; \u201cMujer, Vida y Salud\u201d,\u00a0 \u201cRuta Materno Infantil\u201d y la \u201cRuta Integral de Salud\u201d, el gobernador del estado Bol\u00edvar, \u00c1ngel Marcano, contin\u00faa brindando atenci\u00f3n al pueblo y desplegando equipos del Instituto de Salud P\u00fablica (ISP), guiados por su presidente, doctor Manuel Maurera, para garantizar la mayor atenci\u00f3n del pueblo.<\/span><\/p>\n<p><span style=\"font-weight: 400;\">En un trabajo conjunto, la Autoridad \u00danica de Salud del estado Bol\u00edvar, doctor Manuel Maurera, inform\u00f3 que mantienen una serie conversatorios en todos los municipios de la entidad, concienciando a la poblaci\u00f3n, acerca de la importancia del control prenatal y la vacunaci\u00f3n contra el Covid-19.\u00a0<\/span><\/p>\n<p><span style=\"font-weight: 400;\">Dijo que tanto el mandatario regional, como la primera combatiente y presidenta de Fundaci\u00f3n Social Bol\u00edvar (FSB), Yajaira Arocha de Marcano, han instruido una serie de acciones para fomentar no solo la atenci\u00f3n del pueblo, sino tambi\u00e9n, motivarlos a que realicen su revisi\u00f3n m\u00e9dica respectiva y hagan frente a la pandemia, cumpliendo con los protocolos de prevenci\u00f3n e inmuniz\u00e1ndose en las jornadas de vacunaci\u00f3n que se llevan a cabo en la regi\u00f3n.\u00a0<\/span><\/p>\n<p><b>Conversatorio\u00a0<\/b><\/p>\n<p><span style=\"font-weight: 400;\">El presidente del ISP Bol\u00edvar y Autoridad \u00danica de Salud, explic\u00f3 que el ej\u00e9rcito de m\u00e9dicos, promotores y quienes trabajan en el ISP, han desplegado una serie de conversatorios.<\/span><\/p>\n<p><span style=\"font-weight: 400;\">Inform\u00f3 que en el caso del municipio Caron\u00ed, este fin de semana realizaron un encuentro informativo y de atenci\u00f3n, donde brindaron al pueblo las herramientas para conocer la importancia del control prenatal para la futura madre y el hijo, y la vacunaci\u00f3n contra Covid-19.\u00a0<\/span><\/p>\n<p><span style=\"font-weight: 400;\">\u201cEstuvimos en la Terminal Fluvial de Ferrys y Chalanas en el municipio Caron\u00ed, parroquia Sim\u00f3n Bol\u00edvar, en marco de los programas de salud que ha orientado nuestro gobernador \u00c1ngel Marcano en estos primeros 100 d\u00edas de gesti\u00f3n\u201d. Dijo Maurera.<\/span><\/p>\n<p><b>Atenci\u00f3n Integral\u00a0<\/b><\/p>\n<p><span style=\"font-weight: 400;\">La Autoridad \u00danica de Salud enfatiz\u00f3 que adem\u00e1s del conversatorio, tambi\u00e9n dan respuestas oportunas en lo que tiene que ver con atenci\u00f3n prenatal, postnatal y orientan sobre los protocolos de prevenci\u00f3n.\u00a0<\/span><\/p>\n<p><span style=\"font-weight: 400;\">\u201cLa salud renace en Bol\u00edvar con atenci\u00f3n al pueblo, con prevenci\u00f3n, con la lucha diaria contra el Covid-19, y con la integraci\u00f3n de todas nuestras instituciones, como lo ha ordenado el gobernador \u00c1ngel Marcano\u201d. Finaliz\u00f3 Maurera.<\/span><\/p>\n<p><b>Prensa Gobernaci\u00f3n de Bol\u00edvar <\/b><\/p>\n","protected":false},"excerpt":{"rendered":"<p>\u00a0A trav\u00e9s de los programas; \u201cMujer, Vida y Salud\u201d,\u00a0 \u201cRuta Materno Infantil\u201d y la \u201cRuta Integral de Salud\u201d, el gobernador del estado Bol\u00edvar, \u00c1ngel Marcano, contin\u00faa brindando atenci\u00f3n al pueblo y desplegando equipos del Instituto de Salud P\u00fablica (ISP), guiados por su presidente, doctor Manuel Maurera, para garantizar la mayor atenci\u00f3n del pueblo. En un [&hellip;]<\/p>\n","protected":false},"author":2,"featured_media":205890,"comment_status":"closed","ping_status":"closed","sticky":false,"template":"","format":"standard","meta":{"footnotes":""},"categories":[5,12,19],"tags":[],"class_list":{"0":"post-205889","1":"post","2":"type-post","3":"status-publish","4":"format-standard","5":"has-post-thumbnail","7":"category-destacado","8":"category-regionales","9":"category-salud"},"_links":{"self":[{"href":"https:\/\/elluchador.info\/index.php?rest_route=\/wp\/v2\/posts\/205889","targetHints":{"allow":["GET"]}}],"collection":[{"href":"https:\/\/elluchador.info\/index.php?rest_route=\/wp\/v2\/posts"}],"about":[{"href":"https:\/\/elluchador.info\/index.php?rest_route=\/wp\/v2\/types\/post"}],"author":[{"embeddable":true,"href":"https:\/\/elluchador.info\/index.php?rest_route=\/wp\/v2\/users\/2"}],"replies":[{"embeddable":true,"href":"https:\/\/elluchador.info\/index.php?rest_route=%2Fwp%2Fv2%2Fcomments&post=205889"}],"version-history":[{"count":1,"href":"https:\/\/elluchador.info\/index.php?rest_route=\/wp\/v2\/posts\/205889\/revisions"}],"predecessor-version":[{"id":205891,"href":"https:\/\/elluchador.info\/index.php?rest_route=\/wp\/v2\/posts\/205889\/revisions\/205891"}],"wp:featuredmedia":[{"embeddable":true,"href":"https:\/\/elluchador.info\/index.php?rest_route=\/wp\/v2\/media\/205890"}],"wp:attachment":[{"href":"https:\/\/elluchador.info\/index.php?rest_route=%2Fwp%2Fv2%2Fmedia&parent=205889"}],"wp:term":[{"taxonomy":"category","embeddable":true,"href":"https:\/\/elluchador.info\/index.php?rest_route=%2Fwp%2Fv2%2Fcategories&post=205889"},{"taxonomy":"post_tag","embeddable":true,"href":"https:\/\/elluchador.info\/index.php?rest_route=%2Fwp%2Fv2%2Ftags&post=205889"}],"curies":[{"name":"wp","href":"https:\/\/api.w.org\/{rel}","templated":true}]}}