{"id":205892,"date":"2022-01-30T19:10:57","date_gmt":"2022-01-30T23:10:57","guid":{"rendered":"https:\/\/elluchador.info\/web\/?p=205892"},"modified":"2022-01-30T19:10:57","modified_gmt":"2022-01-30T23:10:57","slug":"marcha-de-chilenos-arremetio-contra-campamento-de-migrantes-venezolanos","status":"publish","type":"post","link":"https:\/\/elluchador.info\/?p=205892","title":{"rendered":"Marcha de chilenos arremeti\u00f3 contra campamento de migrantes venezolanos"},"content":{"rendered":"<p>El hecho ocurri\u00f3 durante una manifestaci\u00f3n en la que cientos de chilenos rechazaron la agresi\u00f3n contra Carabineros (polic\u00eda chilena), por parte de un grupo de venezolanos durante un operativo de seguridad realizado este martes en la playa de Cavancha.<\/p>\n<p>Un grupo de ciudadanos chilenos arremeti\u00f3 en contra de un campamento de migrantes venezolanos, cercano al sector de Aeropuerto con las Rosas, este domingo.<\/p>\n<p>Se conoci\u00f3 que una persona fue agredida por los manifestantes. Estos les gritaban insultos como<strong>\u00a0\u00ab\u00a1fuera los delincuentes!\u00bb, \u00ab\u00a1saquen a esa cochinada!\u00bb y \u00ab\u00a1que se vayan!\u00bb<\/strong>.<\/p>\n<p>Las im\u00e1genes capturaron como los chilenos romp\u00edan y desmontaban con sus propias manos las carpas de los venezolanos.<\/p>\n<p>La marcha se denomin\u00f3 \u201c<strong>No + Violencia<\/strong>\u201d, sin embargo, no fue precisamente este emblema el que se cumpli\u00f3. Los ciudadanos recorrieron distintos puntos de la ciudad enarbolando banderas de Chile y lienzos negros pidiendo m\u00e1s seguridad y control en la zona.<\/p>\n<p>El Nacional<\/p>\n","protected":false},"excerpt":{"rendered":"<p>El hecho ocurri\u00f3 durante una manifestaci\u00f3n en la que cientos de chilenos rechazaron la agresi\u00f3n contra Carabineros (polic\u00eda chilena), por parte de un grupo de venezolanos durante un operativo de seguridad realizado este martes en la playa de Cavancha. Un grupo de ciudadanos chilenos arremeti\u00f3 en contra de un campamento de migrantes venezolanos, cercano al [&hellip;]<\/p>\n","protected":false},"author":2,"featured_media":205893,"comment_status":"closed","ping_status":"closed","sticky":false,"template":"","format":"standard","meta":{"footnotes":""},"categories":[5,8],"tags":[549,371,119],"class_list":{"0":"post-205892","1":"post","2":"type-post","3":"status-publish","4":"format-standard","5":"has-post-thumbnail","7":"category-destacado","8":"category-internacionales","9":"tag-campamento","10":"tag-chile","11":"tag-venezolanos"},"_links":{"self":[{"href":"https:\/\/elluchador.info\/index.php?rest_route=\/wp\/v2\/posts\/205892","targetHints":{"allow":["GET"]}}],"collection":[{"href":"https:\/\/elluchador.info\/index.php?rest_route=\/wp\/v2\/posts"}],"about":[{"href":"https:\/\/elluchador.info\/index.php?rest_route=\/wp\/v2\/types\/post"}],"author":[{"embeddable":true,"href":"https:\/\/elluchador.info\/index.php?rest_route=\/wp\/v2\/users\/2"}],"replies":[{"embeddable":true,"href":"https:\/\/elluchador.info\/index.php?rest_route=%2Fwp%2Fv2%2Fcomments&post=205892"}],"version-history":[{"count":1,"href":"https:\/\/elluchador.info\/index.php?rest_route=\/wp\/v2\/posts\/205892\/revisions"}],"predecessor-version":[{"id":205894,"href":"https:\/\/elluchador.info\/index.php?rest_route=\/wp\/v2\/posts\/205892\/revisions\/205894"}],"wp:featuredmedia":[{"embeddable":true,"href":"https:\/\/elluchador.info\/index.php?rest_route=\/wp\/v2\/media\/205893"}],"wp:attachment":[{"href":"https:\/\/elluchador.info\/index.php?rest_route=%2Fwp%2Fv2%2Fmedia&parent=205892"}],"wp:term":[{"taxonomy":"category","embeddable":true,"href":"https:\/\/elluchador.info\/index.php?rest_route=%2Fwp%2Fv2%2Fcategories&post=205892"},{"taxonomy":"post_tag","embeddable":true,"href":"https:\/\/elluchador.info\/index.php?rest_route=%2Fwp%2Fv2%2Ftags&post=205892"}],"curies":[{"name":"wp","href":"https:\/\/api.w.org\/{rel}","templated":true}]}}