{"id":205947,"date":"2022-01-31T16:02:24","date_gmt":"2022-01-31T20:02:24","guid":{"rendered":"https:\/\/elluchador.info\/web\/?p=205947"},"modified":"2022-01-31T16:02:24","modified_gmt":"2022-01-31T20:02:24","slug":"puente-primero-de-mayo-se-esta-despedazando","status":"publish","type":"post","link":"https:\/\/elluchador.info\/?p=205947","title":{"rendered":"Puente \u00abPrimero de Mayo\u00bb se esta despedazando"},"content":{"rendered":"<p><span style=\"font-weight: 400;\">Poco a poco se ha venido cayendo, la acera y el asfalto, de la v\u00eda que comunica el sector Primero de Mayo, de la parroquia Vista Hermosa, con el sector Los Aceiticos de la parroquia La Sabanita, si los organismos competentes, no toman la responsabilidad y el inter\u00e9s de buscar la manera de evitar, que esto contin\u00fae deterior\u00e1ndose, dentro de muy poco tiempo esto podr\u00eda caerse por completo y quedar\u00edan incomunicados, ambos sectores de la ciudad.<\/span><\/p>\n<p><span style=\"font-weight: 400;\">As\u00ed lo anunci\u00f3 el luchador social R\u00f3mulo Dommar, quien frecuentemente utiliza esa v\u00eda, para dirigirse hacia la zona de La Sabanita, donde con frecuencia realiza trabajos sociales.\u00a0<\/span><\/p>\n<p><span style=\"font-weight: 400;\">\u00abEs un puente que es bastante concurrido e importante de la ciudad.\u00a0 Un llamado a los organismos competentes, para que por favor cumplan con el rol que le corresponde, como es de velar por el buen estado de las v\u00edas de comunicaci\u00f3n, como son las avenidas y calles de nuestra Ciudad Capital\u00bb dijo el ciudadano.\u00a0\u00a0<\/span><\/p>\n<p><span style=\"font-weight: 400;\">Los vecinos preocupados manifestaron que entre todos han optado por tirar arena y basura, con la finalidad de prevenir, se siga cayendo el asfalto y no permita la circulaci\u00f3n de veh\u00edculos por esa arteria vial.\u00a0<\/span><\/p>\n<p><span style=\"font-weight: 400;\">A\u00f1adieron que ellos se suman a exigirle a los organismos competentes, para que tomen inter\u00e9s en reparar la v\u00eda a tiempo y no esperar que se caiga por completo, ellos est\u00e1n dispuestos a colaborar en lo que puedan, ya que son los m\u00e1s interesados, en que esto se repare en la mayor brevedad posible.\u00a0\u00a0<\/span><\/p>\n<p><img loading=\"lazy\" decoding=\"async\" class=\"alignnone size-medium wp-image-205948\" src=\"https:\/\/elluchador.info\/web\/wp-content\/uploads\/2022\/01\/Foto-02-En-esta-grafica-observamos-la-tuberia-de-agua-tratada-que-va-del-sector-primero-de-Mayo-hacia-las-viviendas-de-La-Sabanita-o-viceversa-225x300.jpg\" alt=\"\" width=\"225\" height=\"300\" srcset=\"https:\/\/elluchador.info\/wp-content\/uploads\/2022\/01\/Foto-02-En-esta-grafica-observamos-la-tuberia-de-agua-tratada-que-va-del-sector-primero-de-Mayo-hacia-las-viviendas-de-La-Sabanita-o-viceversa-225x300.jpg 225w, https:\/\/elluchador.info\/wp-content\/uploads\/2022\/01\/Foto-02-En-esta-grafica-observamos-la-tuberia-de-agua-tratada-que-va-del-sector-primero-de-Mayo-hacia-las-viviendas-de-La-Sabanita-o-viceversa-315x420.jpg 315w, https:\/\/elluchador.info\/wp-content\/uploads\/2022\/01\/Foto-02-En-esta-grafica-observamos-la-tuberia-de-agua-tratada-que-va-del-sector-primero-de-Mayo-hacia-las-viviendas-de-La-Sabanita-o-viceversa.jpg 480w\" sizes=\"auto, (max-width: 225px) 100vw, 225px\" \/><\/p>\n<p>MM<\/p>\n","protected":false},"excerpt":{"rendered":"<p>Poco a poco se ha venido cayendo, la acera y el asfalto, de la v\u00eda que comunica el sector Primero de Mayo, de la parroquia Vista Hermosa, con el sector Los Aceiticos de la parroquia La Sabanita, si los organismos competentes, no toman la responsabilidad y el inter\u00e9s de buscar la manera de evitar, que [&hellip;]<\/p>\n","protected":false},"author":2,"featured_media":205949,"comment_status":"closed","ping_status":"closed","sticky":false,"template":"","format":"standard","meta":{"footnotes":""},"categories":[2,5,12],"tags":[306,558,559],"class_list":{"0":"post-205947","1":"post","2":"type-post","3":"status-publish","4":"format-standard","5":"has-post-thumbnail","7":"category-comunidad","8":"category-destacado","9":"category-regionales","10":"tag-ciudad-bolivar","11":"tag-puente-primero-de-mayo","12":"tag-vista-hermosa"},"_links":{"self":[{"href":"https:\/\/elluchador.info\/index.php?rest_route=\/wp\/v2\/posts\/205947","targetHints":{"allow":["GET"]}}],"collection":[{"href":"https:\/\/elluchador.info\/index.php?rest_route=\/wp\/v2\/posts"}],"about":[{"href":"https:\/\/elluchador.info\/index.php?rest_route=\/wp\/v2\/types\/post"}],"author":[{"embeddable":true,"href":"https:\/\/elluchador.info\/index.php?rest_route=\/wp\/v2\/users\/2"}],"replies":[{"embeddable":true,"href":"https:\/\/elluchador.info\/index.php?rest_route=%2Fwp%2Fv2%2Fcomments&post=205947"}],"version-history":[{"count":1,"href":"https:\/\/elluchador.info\/index.php?rest_route=\/wp\/v2\/posts\/205947\/revisions"}],"predecessor-version":[{"id":205950,"href":"https:\/\/elluchador.info\/index.php?rest_route=\/wp\/v2\/posts\/205947\/revisions\/205950"}],"wp:featuredmedia":[{"embeddable":true,"href":"https:\/\/elluchador.info\/index.php?rest_route=\/wp\/v2\/media\/205949"}],"wp:attachment":[{"href":"https:\/\/elluchador.info\/index.php?rest_route=%2Fwp%2Fv2%2Fmedia&parent=205947"}],"wp:term":[{"taxonomy":"category","embeddable":true,"href":"https:\/\/elluchador.info\/index.php?rest_route=%2Fwp%2Fv2%2Fcategories&post=205947"},{"taxonomy":"post_tag","embeddable":true,"href":"https:\/\/elluchador.info\/index.php?rest_route=%2Fwp%2Fv2%2Ftags&post=205947"}],"curies":[{"name":"wp","href":"https:\/\/api.w.org\/{rel}","templated":true}]}}