{"id":206062,"date":"2022-02-03T10:43:45","date_gmt":"2022-02-03T14:43:45","guid":{"rendered":"https:\/\/elluchador.info\/web\/?p=206062"},"modified":"2022-02-03T10:43:45","modified_gmt":"2022-02-03T14:43:45","slug":"ops-advierte-que-laboratorios-de-pruebas-covid-19-en-venezuela-estan-sobrecargados","status":"publish","type":"post","link":"https:\/\/elluchador.info\/?p=206062","title":{"rendered":"OPS advierte que laboratorios de pruebas covid-19 en Venezuela est\u00e1n sobrecargados"},"content":{"rendered":"<p>El director de Emergencias de la Organizaci\u00f3n Panamericana de la Salud (OPS), Ciro Ugarte, advirti\u00f3 este mi\u00e9rcoles que la alta demanda de pruebas\u00a0<a href=\"https:\/\/www.who.int\/emergencies\/diseases\/novel-coronavirus-2019\/situation-reports\/\" target=\"_blank\" rel=\"noopener noreferrer\">covid-19<\/a>\u00a0en Venezuela alerta a los laboratorios.<\/p>\n<p>\u00abTenemos informaci\u00f3n que tanto los centros de pruebas covid-19 p\u00fablicos y privados est\u00e1n sobrecargados\u00bb, dijo Ugarte en la acostumbrada\u00a0<a href=\"https:\/\/www.youtube.com\/watch?v=z9szLh2OVFE\" target=\"_blank\" rel=\"noopener noreferrer\">rueda de prensa<\/a>\u00a0semanal que organiza la OPS.<\/p>\n<p>Seg\u00fan el organismo, Venezuela pas\u00f3 de reportar 110 contagios promedio a comienzos de 2022 a m\u00e1s de 1.800 para el primero de febrero.<\/p>\n<p>Por ello el experto en emergencias sanitarias recomend\u00f3 a las autoridades \u00aboptimizar la aplicaci\u00f3n de las pruebas covid-19 para evitar el desabastecimiento no solo en Venezuela, sino en la regi\u00f3n\u00bb.<\/p>\n<p>Ugarte resalt\u00f3 que la \u00absobrecarga innecesaria\u00bb en los laboratorios del pa\u00eds, sumada a la \u00abalta demanda mundial\u00bb generada por las variantes del covid-19, disminuy\u00f3 considerablemente la disponibilidad de pruebas que detectan la enfermedad.<\/p>\n<p>\u00abEs necesario que los sistemas de detecci\u00f3n puedan hacer una adecuaci\u00f3n para no sobrecargarse y no hacer pruebas innecesarias\u00bb, agreg\u00f3.<\/p>\n<p>La OPS apunt\u00f3 que a pesar de la desinformaci\u00f3n que persiste en Venezuela con respecto al virus, el Instituto Nacional de Higiene asever\u00f3 que \u00abel pa\u00eds cuenta con pruebas suficientes de PCR y de ant\u00edgenos\u00bb.<\/p>\n<p>El organismo internacional detall\u00f3 que, seg\u00fan datos que le provee el Estado venezolano, \u00abel sector de salud p\u00fablico tiene una capacidad de hacer 5.000 pruebas PCR y de ant\u00edgenos entre 4.000 a 5.000 diarias\u00bb.<\/p>\n<h2>M\u00e1s de 50% de la poblaci\u00f3n en la regi\u00f3n no est\u00e1 vacunada<\/h2>\n<p>En la misma comparecencia de prensa, la directora de la OPS, Carissa Etienne, inform\u00f3 que m\u00e1s de la mitad de la poblaci\u00f3n de los pa\u00edses con menos ingresos en el continente americano contin\u00faan sin vacunarse.<\/p>\n<p>La OPS inst\u00f3 a la poblaci\u00f3n a no bajar la guardia con respecto las medidas de bioseguridad, pues con la\u00a0<a href=\"https:\/\/www.elnacional.com\/ciencia-tecnologia\/lo-que-se-sabe-de-la-nueva-subvariante-de-omicron\/\" target=\"_blank\" rel=\"noopener noreferrer\">variante de \u00f3micron<\/a>\u00a0en el continente el virus sigue sin ser contenido.<\/p>\n<p><iframe loading=\"lazy\" title=\"Conferencia de prensa de la OPS sobre COVID-19 \/ PAHO\u2019s Press Briefing on COVID-19 AUDIO ORIGINAL\" width=\"696\" height=\"392\" src=\"https:\/\/www.youtube.com\/embed\/z9szLh2OVFE?feature=oembed\" frameborder=\"0\" allow=\"accelerometer; autoplay; clipboard-write; encrypted-media; gyroscope; picture-in-picture; web-share\" referrerpolicy=\"strict-origin-when-cross-origin\" allowfullscreen><\/iframe><\/p>\n<p><strong>El Nacional<\/strong><\/p>\n","protected":false},"excerpt":{"rendered":"<p>El director de Emergencias de la Organizaci\u00f3n Panamericana de la Salud (OPS), Ciro Ugarte, advirti\u00f3 este mi\u00e9rcoles que la alta demanda de pruebas\u00a0covid-19\u00a0en Venezuela alerta a los laboratorios. \u00abTenemos informaci\u00f3n que tanto los centros de pruebas covid-19 p\u00fablicos y privados est\u00e1n sobrecargados\u00bb, dijo Ugarte en la acostumbrada\u00a0rueda de prensa\u00a0semanal que organiza la OPS. Seg\u00fan el [&hellip;]<\/p>\n","protected":false},"author":2,"featured_media":206063,"comment_status":"closed","ping_status":"closed","sticky":false,"template":"","format":"standard","meta":{"footnotes":""},"categories":[5,9],"tags":[],"class_list":{"0":"post-206062","1":"post","2":"type-post","3":"status-publish","4":"format-standard","5":"has-post-thumbnail","7":"category-destacado","8":"category-nacionales"},"_links":{"self":[{"href":"https:\/\/elluchador.info\/index.php?rest_route=\/wp\/v2\/posts\/206062","targetHints":{"allow":["GET"]}}],"collection":[{"href":"https:\/\/elluchador.info\/index.php?rest_route=\/wp\/v2\/posts"}],"about":[{"href":"https:\/\/elluchador.info\/index.php?rest_route=\/wp\/v2\/types\/post"}],"author":[{"embeddable":true,"href":"https:\/\/elluchador.info\/index.php?rest_route=\/wp\/v2\/users\/2"}],"replies":[{"embeddable":true,"href":"https:\/\/elluchador.info\/index.php?rest_route=%2Fwp%2Fv2%2Fcomments&post=206062"}],"version-history":[{"count":1,"href":"https:\/\/elluchador.info\/index.php?rest_route=\/wp\/v2\/posts\/206062\/revisions"}],"predecessor-version":[{"id":206064,"href":"https:\/\/elluchador.info\/index.php?rest_route=\/wp\/v2\/posts\/206062\/revisions\/206064"}],"wp:featuredmedia":[{"embeddable":true,"href":"https:\/\/elluchador.info\/index.php?rest_route=\/wp\/v2\/media\/206063"}],"wp:attachment":[{"href":"https:\/\/elluchador.info\/index.php?rest_route=%2Fwp%2Fv2%2Fmedia&parent=206062"}],"wp:term":[{"taxonomy":"category","embeddable":true,"href":"https:\/\/elluchador.info\/index.php?rest_route=%2Fwp%2Fv2%2Fcategories&post=206062"},{"taxonomy":"post_tag","embeddable":true,"href":"https:\/\/elluchador.info\/index.php?rest_route=%2Fwp%2Fv2%2Ftags&post=206062"}],"curies":[{"name":"wp","href":"https:\/\/api.w.org\/{rel}","templated":true}]}}