{"id":206074,"date":"2022-02-03T16:01:06","date_gmt":"2022-02-03T20:01:06","guid":{"rendered":"https:\/\/elluchador.info\/web\/?p=206074"},"modified":"2022-02-03T16:01:06","modified_gmt":"2022-02-03T20:01:06","slug":"plan-vuelta-a-la-patria-iniciara-en-marzo","status":"publish","type":"post","link":"https:\/\/elluchador.info\/?p=206074","title":{"rendered":"Plan Vuelta a la Patria iniciar\u00e1 en marzo"},"content":{"rendered":"<p>El mandatario reiter\u00f3 su invitaci\u00f3n a los venezolanos que permanecen en el extranjero para que retornen y se sumen a las iniciativas productivas que se desarrollan en la naci\u00f3n.<\/p>\n<p class=\"\">A partir del mes de marzo, iniciar\u00e1 una nueva fase del\u00a0Plan Vuelta a la Patria\u00a0para triplicar el n\u00famero de vuelos para el retorno seguro de connacionales que residen temporalmente en pa\u00edses de la regi\u00f3n.<\/p>\n<p class=\"\">El anuncio lo realiz\u00f3 el presidente de la Rep\u00fablica,\u00a0Nicol\u00e1s Maduro, quien detall\u00f3 que, inicialmente, atender\u00e1 a quienes ya est\u00e9n inscritos para que regresen \u00aba vivir, a trabajar en su tierra sin xenofobia\u00bb.<\/p>\n<p>\u00abTienen las puertas abiertas de nuestro pa\u00eds para regresar y desarrollarse en paz, sin discriminaci\u00f3n al lado de sus familias y en su tierra\u00bb, enfatiz\u00f3 desde el Palacio de Miraflores, ubicado en Caracas.<\/p>\n<p class=\"\">Al se\u00f1alar que migrantes \u00abhan descubierto en su dolor y soledad que aman a Venezuela\u00bb, destac\u00f3 que muchos connacionales \u00abse est\u00e1n regresando por su cuenta\u00bb ante el incremento de la xenofobia en pa\u00edses receptores.<\/p>\n<p>En este sentido, el Jefe de Estado lament\u00f3 la arremetida contra un campamento de migrantes venezolanos en Chile, registrado el domingo 30 de enero en la localidad de Iquique.<\/p>\n<p>\u00abHay mucha discriminaci\u00f3n, mucha xenofobia que se ha sembrado contra Venezuela. Los atacan con odio, con desprecio, con fascismo\u00bb, asever\u00f3.<\/p>\n<p>En contraparte, se\u00f1al\u00f3 que en Venezuela \u00abnunca ha habido xenofobia\u00bb contra los extranjeros que arribaron a la naci\u00f3n en busca de oportunidades. \u00abNunca ha habido maltrato, xenofobia contra nadie. Bienvenidos\u00bb, agreg\u00f3.<\/p>\n<p>Con informaci\u00f3n de EDG<\/p>\n","protected":false},"excerpt":{"rendered":"<p>El mandatario reiter\u00f3 su invitaci\u00f3n a los venezolanos que permanecen en el extranjero para que retornen y se sumen a las iniciativas productivas que se desarrollan en la naci\u00f3n. A partir del mes de marzo, iniciar\u00e1 una nueva fase del\u00a0Plan Vuelta a la Patria\u00a0para triplicar el n\u00famero de vuelos para el retorno seguro de connacionales [&hellip;]<\/p>\n","protected":false},"author":2,"featured_media":0,"comment_status":"closed","ping_status":"closed","sticky":false,"template":"","format":"standard","meta":{"footnotes":""},"categories":[5,9],"tags":[383,565,566],"class_list":{"0":"post-206074","1":"post","2":"type-post","3":"status-publish","4":"format-standard","6":"category-destacado","7":"category-nacionales","8":"tag-nacionales","9":"tag-plan-vuelta-a-la-patria","10":"tag-vuelos-maiquetia"},"_links":{"self":[{"href":"https:\/\/elluchador.info\/index.php?rest_route=\/wp\/v2\/posts\/206074","targetHints":{"allow":["GET"]}}],"collection":[{"href":"https:\/\/elluchador.info\/index.php?rest_route=\/wp\/v2\/posts"}],"about":[{"href":"https:\/\/elluchador.info\/index.php?rest_route=\/wp\/v2\/types\/post"}],"author":[{"embeddable":true,"href":"https:\/\/elluchador.info\/index.php?rest_route=\/wp\/v2\/users\/2"}],"replies":[{"embeddable":true,"href":"https:\/\/elluchador.info\/index.php?rest_route=%2Fwp%2Fv2%2Fcomments&post=206074"}],"version-history":[{"count":1,"href":"https:\/\/elluchador.info\/index.php?rest_route=\/wp\/v2\/posts\/206074\/revisions"}],"predecessor-version":[{"id":206075,"href":"https:\/\/elluchador.info\/index.php?rest_route=\/wp\/v2\/posts\/206074\/revisions\/206075"}],"wp:attachment":[{"href":"https:\/\/elluchador.info\/index.php?rest_route=%2Fwp%2Fv2%2Fmedia&parent=206074"}],"wp:term":[{"taxonomy":"category","embeddable":true,"href":"https:\/\/elluchador.info\/index.php?rest_route=%2Fwp%2Fv2%2Fcategories&post=206074"},{"taxonomy":"post_tag","embeddable":true,"href":"https:\/\/elluchador.info\/index.php?rest_route=%2Fwp%2Fv2%2Ftags&post=206074"}],"curies":[{"name":"wp","href":"https:\/\/api.w.org\/{rel}","templated":true}]}}