{"id":206087,"date":"2022-02-03T16:35:07","date_gmt":"2022-02-03T20:35:07","guid":{"rendered":"https:\/\/elluchador.info\/web\/?p=206087"},"modified":"2022-02-03T16:35:07","modified_gmt":"2022-02-03T20:35:07","slug":"miss-supranational-venezuela-2021-denuncio-a-disenador-por-acoso","status":"publish","type":"post","link":"https:\/\/elluchador.info\/?p=206087","title":{"rendered":"Miss Supranational Venezuela 2021 denunci\u00f3 a dise\u00f1ador por acoso"},"content":{"rendered":"<p>\u00abHoy he decidido hacer una denuncia p\u00fablica y tomar acciones legales en contra del se\u00f1or Marco Michetti por el acoso del que he sido v\u00edctima por dos a\u00f1os, por incitar al suicidio en un momento en el que la crisis de salud mental est\u00e1 m\u00e1s latente que nunca, y por normalizar la violencia en contra de la mujer a trav\u00e9s de sus redes sociales\u00bb.<\/p>\n<p>Valentina S\u00e1nchez Trivella, Miss Supranational Venezuela 2021, denunci\u00f3 que el dise\u00f1ador venezolano Marco Michetti la ha acosado en redes sociales y asegur\u00f3 que tomar\u00e1 acciones legales.<\/p>\n<p>La modelo de 26 a\u00f1os de edad public\u00f3 un video en su cuenta de\u00a0Instagram\u00a0en el que detall\u00f3 los comentarios negativos que ha recibido por parte de Michetti en los \u00faltimos dos a\u00f1os.<\/p>\n<p>S\u00e1nchez Trivella agreg\u00f3 que Michetti se ha encargado de decir que ella ha utilizado la tragedia de su familia -su mam\u00e1 y abuela se quitaron la vida- para generar l\u00e1stima y obtener beneficio personal.<\/p>\n<p>\u00abAdem\u00e1s de burlarse de la tragedia que mi familia vivi\u00f3 cuando perdimos a mi mam\u00e1, Andre\u00edna Trivella, y a mi abuela Lilian Trivella, a causa del suicidio en 2010 y 2011, el se\u00f1or Michetti se ha tomado la tarea de utilizar sus redes para llamarme bruta, para tildarme de \u2018Miss pobrecita\u2019 y de \u2018Miss suicidio\u00bb, indic\u00f3.<\/p>\n<p>Por su parte, Marco Michetti asegur\u00f3, en una entrevista para el programa\u00a0<em>La Br\u00fajula<\/em>, que no tiene nada que decir sobre las acusaciones de S\u00e1nchez Trivella ni de su denuncia. \u00abMe encuentro en Miami celebrando mi cumplea\u00f1os, no le voy a prestar atenci\u00f3n ahora porque estoy muy ocupado, esta vez no voy a hablar nada al respecto ni voy a opinar nada referente a eso\u00bb, se\u00f1al\u00f3 el dise\u00f1ador.<\/p>\n<p>Con la informaci\u00f3n de El Nacional<\/p>\n","protected":false},"excerpt":{"rendered":"<p>\u00abHoy he decidido hacer una denuncia p\u00fablica y tomar acciones legales en contra del se\u00f1or Marco Michetti por el acoso del que he sido v\u00edctima por dos a\u00f1os, por incitar al suicidio en un momento en el que la crisis de salud mental est\u00e1 m\u00e1s latente que nunca, y por normalizar la violencia en contra [&hellip;]<\/p>\n","protected":false},"author":2,"featured_media":206088,"comment_status":"closed","ping_status":"closed","sticky":false,"template":"","format":"standard","meta":{"footnotes":""},"categories":[5,7],"tags":[568,567],"class_list":{"0":"post-206087","1":"post","2":"type-post","3":"status-publish","4":"format-standard","5":"has-post-thumbnail","7":"category-destacado","8":"category-entretenimiento","9":"tag-acoso","10":"tag-miss-supranational"},"_links":{"self":[{"href":"https:\/\/elluchador.info\/index.php?rest_route=\/wp\/v2\/posts\/206087","targetHints":{"allow":["GET"]}}],"collection":[{"href":"https:\/\/elluchador.info\/index.php?rest_route=\/wp\/v2\/posts"}],"about":[{"href":"https:\/\/elluchador.info\/index.php?rest_route=\/wp\/v2\/types\/post"}],"author":[{"embeddable":true,"href":"https:\/\/elluchador.info\/index.php?rest_route=\/wp\/v2\/users\/2"}],"replies":[{"embeddable":true,"href":"https:\/\/elluchador.info\/index.php?rest_route=%2Fwp%2Fv2%2Fcomments&post=206087"}],"version-history":[{"count":1,"href":"https:\/\/elluchador.info\/index.php?rest_route=\/wp\/v2\/posts\/206087\/revisions"}],"predecessor-version":[{"id":206089,"href":"https:\/\/elluchador.info\/index.php?rest_route=\/wp\/v2\/posts\/206087\/revisions\/206089"}],"wp:featuredmedia":[{"embeddable":true,"href":"https:\/\/elluchador.info\/index.php?rest_route=\/wp\/v2\/media\/206088"}],"wp:attachment":[{"href":"https:\/\/elluchador.info\/index.php?rest_route=%2Fwp%2Fv2%2Fmedia&parent=206087"}],"wp:term":[{"taxonomy":"category","embeddable":true,"href":"https:\/\/elluchador.info\/index.php?rest_route=%2Fwp%2Fv2%2Fcategories&post=206087"},{"taxonomy":"post_tag","embeddable":true,"href":"https:\/\/elluchador.info\/index.php?rest_route=%2Fwp%2Fv2%2Ftags&post=206087"}],"curies":[{"name":"wp","href":"https:\/\/api.w.org\/{rel}","templated":true}]}}