{"id":206128,"date":"2022-02-04T19:07:22","date_gmt":"2022-02-04T23:07:22","guid":{"rendered":"https:\/\/elluchador.info\/web\/?p=206128"},"modified":"2022-02-04T19:08:23","modified_gmt":"2022-02-04T23:08:23","slug":"poder-popular-junto-a-la-milicia-bolivariana-conmemoran-30-anos-del-4-de-febrero","status":"publish","type":"post","link":"https:\/\/elluchador.info\/?p=206128","title":{"rendered":"Poder Popular junto a la Milicia Bolivariana conmemoran 30 a\u00f1os del 4 de Febrero"},"content":{"rendered":"<div class=\"gs\">\n<div class=\"\">\n<div id=\":21s\" class=\"ii gt\">\n<div id=\":21t\" class=\"a3s aiL \">\n<div>En las instalaciones de la Universidad Nacional Experimental Sim\u00f3n Rodr\u00edguez en uni\u00f3n c\u00edvico Militar, la Milicia Bolivariana e integrantes de UNESR conmemoraron a trav\u00e9s de un conversatorio los 30 a\u00f1os de la rebeli\u00f3n del 4 de Febrero.<\/div>\n<div><\/div>\n<div>El evento cont\u00f3 con la presencia del Vicealmirante Pedro Mota Comandante de Medios de Milicia para la Redi Guayana, el General Armando Carrillo Comandante de Medios de Milicia para la Zodi Bol\u00edvar.<\/div>\n<div><\/div>\n<div>As\u00ed como las autoridades universitarias, el Economista Armando Alvarez Director del N\u00facleo, Roger Sandoval Subdirector de Administraci\u00f3n y el Dr. Marcel Doubront.<\/div>\n<div><\/div>\n<div>El presente evento se dio inicio entonando la Gloriosas Notas del himno Nacional de la Rep\u00fablica Bolivariana de Venezuela y seguidamente con las palabras del Dr. Marcel Doubront el cual destac\u00f3 el soporte ideol\u00f3gico del 4 de Febrero \u00abel 4 de Febrero sin duda alguna m\u00e1s que una insurrecci\u00f3n Militar, representa un cimiento de los sue\u00f1os emancipadores de nuestros libertadores, no olvidemos que el 4F se gesta 10 a\u00f1os antes en el sam\u00e1n de Fuere\u00a0 sustentados en el \u00e1rbol de las tres ra\u00edces\u00bb<\/div>\n<div><\/div>\n<div>Por su parte el General Carrillo manifest\u00f3 que \u00abesta nueva camada de militares patriotas, que sentimos las injusticias y lo que padece el pueblo de a pie, es producto del 4 de febrero, desde ese nuestro Comandante Ch\u00e1vez dej\u00f3 claro que no hay diferencia alguna entre el pueblo, y el por ahora es una tarea pendiente para luchar contra las cadenas imperiales y locales que intentan vulnerar la soberan\u00eda y la paz de nuestra rep\u00fablica\u00bb asever\u00f3 el General.<\/div>\n<\/div>\n<\/div>\n<\/div>\n<\/div>\n<div class=\"adL\">\n<h3 class=\"iw\"><span class=\"qu\" tabindex=\"-1\" role=\"gridcell\" translate=\"no\"><span class=\"gD\" data-hovercard-id=\"marceldoubront@gmail.com\" data-hovercard-owner-id=\"106\">Marcel Alejandro Doubront\u00a0<\/span><\/span><\/h3>\n<\/div>\n","protected":false},"excerpt":{"rendered":"<p>En las instalaciones de la Universidad Nacional Experimental Sim\u00f3n Rodr\u00edguez en uni\u00f3n c\u00edvico Militar, la Milicia Bolivariana e integrantes de UNESR conmemoraron a trav\u00e9s de un conversatorio los 30 a\u00f1os de la rebeli\u00f3n del 4 de Febrero. El evento cont\u00f3 con la presencia del Vicealmirante Pedro Mota Comandante de Medios de Milicia para la Redi [&hellip;]<\/p>\n","protected":false},"author":2,"featured_media":0,"comment_status":"closed","ping_status":"closed","sticky":false,"template":"","format":"standard","meta":{"footnotes":""},"categories":[5,12],"tags":[576,577,575],"class_list":{"0":"post-206128","1":"post","2":"type-post","3":"status-publish","4":"format-standard","6":"category-destacado","7":"category-regionales","8":"tag-febrero","9":"tag-milicia","10":"tag-por-ahora"},"_links":{"self":[{"href":"https:\/\/elluchador.info\/index.php?rest_route=\/wp\/v2\/posts\/206128","targetHints":{"allow":["GET"]}}],"collection":[{"href":"https:\/\/elluchador.info\/index.php?rest_route=\/wp\/v2\/posts"}],"about":[{"href":"https:\/\/elluchador.info\/index.php?rest_route=\/wp\/v2\/types\/post"}],"author":[{"embeddable":true,"href":"https:\/\/elluchador.info\/index.php?rest_route=\/wp\/v2\/users\/2"}],"replies":[{"embeddable":true,"href":"https:\/\/elluchador.info\/index.php?rest_route=%2Fwp%2Fv2%2Fcomments&post=206128"}],"version-history":[{"count":1,"href":"https:\/\/elluchador.info\/index.php?rest_route=\/wp\/v2\/posts\/206128\/revisions"}],"predecessor-version":[{"id":206129,"href":"https:\/\/elluchador.info\/index.php?rest_route=\/wp\/v2\/posts\/206128\/revisions\/206129"}],"wp:attachment":[{"href":"https:\/\/elluchador.info\/index.php?rest_route=%2Fwp%2Fv2%2Fmedia&parent=206128"}],"wp:term":[{"taxonomy":"category","embeddable":true,"href":"https:\/\/elluchador.info\/index.php?rest_route=%2Fwp%2Fv2%2Fcategories&post=206128"},{"taxonomy":"post_tag","embeddable":true,"href":"https:\/\/elluchador.info\/index.php?rest_route=%2Fwp%2Fv2%2Ftags&post=206128"}],"curies":[{"name":"wp","href":"https:\/\/api.w.org\/{rel}","templated":true}]}}