{"id":206148,"date":"2022-02-04T19:54:52","date_gmt":"2022-02-04T23:54:52","guid":{"rendered":"https:\/\/elluchador.info\/web\/?p=206148"},"modified":"2022-02-04T19:54:52","modified_gmt":"2022-02-04T23:54:52","slug":"camara-de-comercio-se-reunio-con-autoridades-del-seniat-para-tratar-tema-de-fiscalizacion","status":"publish","type":"post","link":"https:\/\/elluchador.info\/?p=206148","title":{"rendered":"C\u00e1mara de Comercio se reuni\u00f3 con autoridades del Seniat para tratar tema de fiscalizaci\u00f3n"},"content":{"rendered":"<p>El gremio de la C\u00e1mara de Comercio e Industrias del municipio Piar, sostuvo una reuni\u00f3n con autoridades del Seniat en la localidad, con la finalidad de conversar sobre el tema de fiscalizaci\u00f3n que se est\u00e1 realizando actualmente a comerciantes y agremiados en cuanto a la facturaci\u00f3n y adquisici\u00f3n de las m\u00e1quinas fiscales o dispositivos de transmisi\u00f3n seg\u00fan la providencia de administrativa 0141 del a\u00f1o 2008.<\/p>\n<p>Magnolia Lanz, presidenta de la C\u00e1mara resalt\u00f3, que en la reuni\u00f3n se trat\u00f3, \u201ctodo comercio al detal que genere volumen de ventas, est\u00e1 obligado a tener m\u00e1quina fiscal con el dispositivo de transmisi\u00f3n de datos, desde la este \u00f3rgano hacemos un llamado a los comerciantes que a\u00fan no cuentan con estas herramientas, a participar los d\u00edas 7 y 8 del mes en curso, al operativo de ventas y asesor\u00eda en lo que a m\u00e1quinas fiscales y dispositivo se refiere, ser\u00e1 en la sede del Seniat en Puerto Ordaz,\u00a0 es importante resaltar que ya no hay pr\u00f3rroga para la adquisici\u00f3n del dispositivo,\u201d.<\/p>\n<p><strong>Llamado a cancelar<\/strong><\/p>\n<p>Asimismo, la presidenta de la C\u00e1mara aprovech\u00f3 para hacer un llamado a todos los contribuyentes, a realizar a tiempo sus declaraciones ante el Seniat, recuerda pagar a tiempo para que no seas sancionado, \u201cseguimos trabajando en pro de los comerciantes, empresarios, agremiados y habitantes de Upata\u201d, manifest\u00f3 Lanz.<\/p>\n<p><strong>Indira Zamora<\/strong><\/p>\n","protected":false},"excerpt":{"rendered":"<p>El gremio de la C\u00e1mara de Comercio e Industrias del municipio Piar, sostuvo una reuni\u00f3n con autoridades del Seniat en la localidad, con la finalidad de conversar sobre el tema de fiscalizaci\u00f3n que se est\u00e1 realizando actualmente a comerciantes y agremiados en cuanto a la facturaci\u00f3n y adquisici\u00f3n de las m\u00e1quinas fiscales o dispositivos de [&hellip;]<\/p>\n","protected":false},"author":2,"featured_media":206149,"comment_status":"closed","ping_status":"closed","sticky":false,"template":"","format":"standard","meta":{"footnotes":""},"categories":[5,6],"tags":[],"class_list":{"0":"post-206148","1":"post","2":"type-post","3":"status-publish","4":"format-standard","5":"has-post-thumbnail","7":"category-destacado","8":"category-economia"},"_links":{"self":[{"href":"https:\/\/elluchador.info\/index.php?rest_route=\/wp\/v2\/posts\/206148","targetHints":{"allow":["GET"]}}],"collection":[{"href":"https:\/\/elluchador.info\/index.php?rest_route=\/wp\/v2\/posts"}],"about":[{"href":"https:\/\/elluchador.info\/index.php?rest_route=\/wp\/v2\/types\/post"}],"author":[{"embeddable":true,"href":"https:\/\/elluchador.info\/index.php?rest_route=\/wp\/v2\/users\/2"}],"replies":[{"embeddable":true,"href":"https:\/\/elluchador.info\/index.php?rest_route=%2Fwp%2Fv2%2Fcomments&post=206148"}],"version-history":[{"count":1,"href":"https:\/\/elluchador.info\/index.php?rest_route=\/wp\/v2\/posts\/206148\/revisions"}],"predecessor-version":[{"id":206150,"href":"https:\/\/elluchador.info\/index.php?rest_route=\/wp\/v2\/posts\/206148\/revisions\/206150"}],"wp:featuredmedia":[{"embeddable":true,"href":"https:\/\/elluchador.info\/index.php?rest_route=\/wp\/v2\/media\/206149"}],"wp:attachment":[{"href":"https:\/\/elluchador.info\/index.php?rest_route=%2Fwp%2Fv2%2Fmedia&parent=206148"}],"wp:term":[{"taxonomy":"category","embeddable":true,"href":"https:\/\/elluchador.info\/index.php?rest_route=%2Fwp%2Fv2%2Fcategories&post=206148"},{"taxonomy":"post_tag","embeddable":true,"href":"https:\/\/elluchador.info\/index.php?rest_route=%2Fwp%2Fv2%2Ftags&post=206148"}],"curies":[{"name":"wp","href":"https:\/\/api.w.org\/{rel}","templated":true}]}}