{"id":206159,"date":"2022-02-04T20:10:27","date_gmt":"2022-02-05T00:10:27","guid":{"rendered":"https:\/\/elluchador.info\/web\/?p=206159"},"modified":"2022-02-04T20:10:27","modified_gmt":"2022-02-05T00:10:27","slug":"en-espana-el-uso-de-la-mascarilla-al-aire-libre-no-sera-obligatorio","status":"publish","type":"post","link":"https:\/\/elluchador.info\/?p=206159","title":{"rendered":"En Espa\u00f1a el uso de la mascarilla al aire libre no ser\u00e1 obligatorio"},"content":{"rendered":"<p><strong>Espa\u00f1a\u00a0<\/strong>retirar\u00e1 el uso obligatorio de la\u00a0<strong>mascarilla<\/strong>\u00a0al aire libre la pr\u00f3xima semana, revirtiendo la medida decretada a finales de diciembre por el incremento sin precedentes de los contagios de\u00a0<strong>coronavirus<\/strong>, impulsados por la variante\u00a0<strong>\u00f3micron<\/strong>, inform\u00f3 este viernes la ministra de Sanidad, Carolina Darias.<\/p>\n<p>Tras confirmar que el n\u00famero de contagios baja tras haber tocado techo, el gobierno espa\u00f1ol retirar\u00e1 la obligatoriedad del uso de la mascarilla en espacios abiertos el pr\u00f3ximo martes, un cambio que espera que entre en vigor el jueves 10 de febrero, explic\u00f3 Darias en declaraciones a la emisora Cadena SER.<\/p>\n<p>El uso del cubrebocas seguir\u00e1 siendo obligatorio en los espacios p\u00fablicos cerrados, incluyendo el transporte p\u00fablico, as\u00ed como en los exteriores donde no se pueda mantener la distancia de seguridad de 1,5 metros.<\/p>\n<p>El mandato de su uso en exteriores, adoptado el 22 de diciembre mientras muchos se preparaban para reunirse con sus seres queridos en Navidad, fue la principal respuesta del gobierno a la propagaci\u00f3n de \u00f3micron.<\/p>\n<p>La decisi\u00f3n fue criticada por algunos expertos, que la calificaron de medida cosm\u00e9tica con poco efecto para frenar los contagios.<\/p>\n<p>Los datos oficiales del Ministerio de Sanidad muestran que los contagios se aceleraron en noviembre y alcanzaron su punto m\u00e1ximo el 21 de enero, con 3.418 nuevas infecciones por cada 100.000 residentes en dos semanas, el r\u00e9cord nacional durante la pandemia. Desde entonces, el dato a 14 d\u00edas ha bajado en 1.000 infecciones por cada 100.000 residentes, y el jueves se registraron 2.420.<\/p>\n<p>Las autoridades achacan a la elevada vacunaci\u00f3n, de casi el 81% de los 47 millones de habitantes del pa\u00eds, la baja tasa de hospitalizaciones por COVID-19 con respecto a las olas anteriores.<\/p>\n<p>Desde el inicio de la pandemia, Espa\u00f1a ha registrado m\u00e1s de 94.000 muertes relacionadas con el COVID-19.<\/p>\n<p>El Impulso<\/p>\n","protected":false},"excerpt":{"rendered":"<p>Espa\u00f1a\u00a0retirar\u00e1 el uso obligatorio de la\u00a0mascarilla\u00a0al aire libre la pr\u00f3xima semana, revirtiendo la medida decretada a finales de diciembre por el incremento sin precedentes de los contagios de\u00a0coronavirus, impulsados por la variante\u00a0\u00f3micron, inform\u00f3 este viernes la ministra de Sanidad, Carolina Darias. Tras confirmar que el n\u00famero de contagios baja tras haber tocado techo, el gobierno [&hellip;]<\/p>\n","protected":false},"author":2,"featured_media":206160,"comment_status":"closed","ping_status":"closed","sticky":false,"template":"","format":"standard","meta":{"footnotes":""},"categories":[5,8],"tags":[278,592,504,593],"class_list":{"0":"post-206159","1":"post","2":"type-post","3":"status-publish","4":"format-standard","5":"has-post-thumbnail","7":"category-destacado","8":"category-internacionales","10":"tag-espana","11":"tag-europa","12":"tag-sin-mascarilla"},"_links":{"self":[{"href":"https:\/\/elluchador.info\/index.php?rest_route=\/wp\/v2\/posts\/206159","targetHints":{"allow":["GET"]}}],"collection":[{"href":"https:\/\/elluchador.info\/index.php?rest_route=\/wp\/v2\/posts"}],"about":[{"href":"https:\/\/elluchador.info\/index.php?rest_route=\/wp\/v2\/types\/post"}],"author":[{"embeddable":true,"href":"https:\/\/elluchador.info\/index.php?rest_route=\/wp\/v2\/users\/2"}],"replies":[{"embeddable":true,"href":"https:\/\/elluchador.info\/index.php?rest_route=%2Fwp%2Fv2%2Fcomments&post=206159"}],"version-history":[{"count":2,"href":"https:\/\/elluchador.info\/index.php?rest_route=\/wp\/v2\/posts\/206159\/revisions"}],"predecessor-version":[{"id":206162,"href":"https:\/\/elluchador.info\/index.php?rest_route=\/wp\/v2\/posts\/206159\/revisions\/206162"}],"wp:featuredmedia":[{"embeddable":true,"href":"https:\/\/elluchador.info\/index.php?rest_route=\/wp\/v2\/media\/206160"}],"wp:attachment":[{"href":"https:\/\/elluchador.info\/index.php?rest_route=%2Fwp%2Fv2%2Fmedia&parent=206159"}],"wp:term":[{"taxonomy":"category","embeddable":true,"href":"https:\/\/elluchador.info\/index.php?rest_route=%2Fwp%2Fv2%2Fcategories&post=206159"},{"taxonomy":"post_tag","embeddable":true,"href":"https:\/\/elluchador.info\/index.php?rest_route=%2Fwp%2Fv2%2Ftags&post=206159"}],"curies":[{"name":"wp","href":"https:\/\/api.w.org\/{rel}","templated":true}]}}