{"id":206289,"date":"2022-02-07T18:53:23","date_gmt":"2022-02-07T22:53:23","guid":{"rendered":"https:\/\/elluchador.info\/web\/?p=206289"},"modified":"2022-02-07T18:53:23","modified_gmt":"2022-02-07T22:53:23","slug":"a-diario-equipos-integrales-trabajan-en-la-erradicacion-de-vertederos-espontaneos","status":"publish","type":"post","link":"https:\/\/elluchador.info\/?p=206289","title":{"rendered":"A diario equipos integrales trabajan en la erradicaci\u00f3n de vertederos espont\u00e1neos"},"content":{"rendered":"<p><span style=\"font-weight: 400;\">Apostando a las pol\u00edticas ambientales y protecci\u00f3n de los bolivarenses, la gesti\u00f3n del alcalde Sergio Hern\u00e1ndez mantiene las jornadas de recolecci\u00f3n de desechos s\u00f3lidos; as\u00ed como la eliminaci\u00f3n de los vertederos espont\u00e1neos en Ciudad Bol\u00edvar.<\/span><\/p>\n<p><span style=\"font-weight: 400;\">As\u00ed lo dio a conocer el director de Servicios Generales Municipales, Eleazar Torres, quien manifest\u00f3 que los equipos de las cuadrillas de trabajo mantienen las acometidas de limpieza de la mano con el poder popular en cada parroquia.<\/span><\/p>\n<p><img loading=\"lazy\" decoding=\"async\" class=\"alignnone size-medium wp-image-206290\" src=\"https:\/\/elluchador.info\/web\/wp-content\/uploads\/2022\/02\/01-9-300x169.jpg\" alt=\"\" width=\"300\" height=\"169\" srcset=\"https:\/\/elluchador.info\/wp-content\/uploads\/2022\/02\/01-9-300x169.jpg 300w, https:\/\/elluchador.info\/wp-content\/uploads\/2022\/02\/01-9-1024x576.jpg 1024w, https:\/\/elluchador.info\/wp-content\/uploads\/2022\/02\/01-9-768x432.jpg 768w, https:\/\/elluchador.info\/wp-content\/uploads\/2022\/02\/01-9-747x420.jpg 747w, https:\/\/elluchador.info\/wp-content\/uploads\/2022\/02\/01-9-640x360.jpg 640w, https:\/\/elluchador.info\/wp-content\/uploads\/2022\/02\/01-9-681x383.jpg 681w, https:\/\/elluchador.info\/wp-content\/uploads\/2022\/02\/01-9-1021x580.jpg 1021w, https:\/\/elluchador.info\/wp-content\/uploads\/2022\/02\/01-9.jpg 1080w\" sizes=\"auto, (max-width: 300px) 100vw, 300px\" \/><\/p>\n<p><span style=\"font-weight: 400;\">\u201cNosotros seguimos apostando a las pol\u00edticas ambientales y el fortalecimiento de la 3R en la entidad, por ello a diario se ejecutan nuevos planes para consolidar el sistema de limpieza, pero es necesario que todos pongan de su parte, al igual que saquen sus desechos en el horario establecido\u201d, resalt\u00f3 Torres.<\/span><\/p>\n<p><span style=\"font-weight: 400;\">Dijo adem\u00e1s que los equipos integrales de la alcald\u00eda mantienen los recorridos y de esta manera trabajar en la recolecci\u00f3n de los desechos s\u00f3lidos en todos los sectores, en tiempos dif\u00edciles seguimos adelante y eso ha quedado demostrado en cada accionar efectuado por nuestro l\u00edder municipal.<\/span><\/p>\n<p><span style=\"font-weight: 400;\">Por su parte, el director de Ambiente, Luis Villanera afirm\u00f3 que ya est\u00e1 trabajando en una campa\u00f1a de concientizaci\u00f3n, para que las personas sigan dando su granito de arena en el cuidado de los espacios.<\/span><\/p>\n<p><span style=\"font-weight: 400;\">Explic\u00f3 que conjuntamente con las instituciones hermanas atacaran los sitios utilizados como vertederos y de all\u00ed a futuro se podr\u00e1 coordinar junto al poder popular el resguardo de esos lugares para que las personas no sigan arrojando los desechos y creando focos de contaminaci\u00f3n.<\/span><\/p>\n<p><span style=\"font-weight: 400;\">Finaliz\u00f3 diciendo que es importante que todos tomen conciencia, ya que una ciudad limpia es tarea de todos.<\/span><\/p>\n<p><b>Prensa Alcald\u00eda A\/O<\/b><\/p>\n","protected":false},"excerpt":{"rendered":"<p>Apostando a las pol\u00edticas ambientales y protecci\u00f3n de los bolivarenses, la gesti\u00f3n del alcalde Sergio Hern\u00e1ndez mantiene las jornadas de recolecci\u00f3n de desechos s\u00f3lidos; as\u00ed como la eliminaci\u00f3n de los vertederos espont\u00e1neos en Ciudad Bol\u00edvar. As\u00ed lo dio a conocer el director de Servicios Generales Municipales, Eleazar Torres, quien manifest\u00f3 que los equipos de las [&hellip;]<\/p>\n","protected":false},"author":2,"featured_media":206291,"comment_status":"closed","ping_status":"closed","sticky":false,"template":"","format":"standard","meta":{"footnotes":""},"categories":[5,20],"tags":[],"class_list":{"0":"post-206289","1":"post","2":"type-post","3":"status-publish","4":"format-standard","5":"has-post-thumbnail","7":"category-destacado","8":"category-municipal"},"_links":{"self":[{"href":"https:\/\/elluchador.info\/index.php?rest_route=\/wp\/v2\/posts\/206289","targetHints":{"allow":["GET"]}}],"collection":[{"href":"https:\/\/elluchador.info\/index.php?rest_route=\/wp\/v2\/posts"}],"about":[{"href":"https:\/\/elluchador.info\/index.php?rest_route=\/wp\/v2\/types\/post"}],"author":[{"embeddable":true,"href":"https:\/\/elluchador.info\/index.php?rest_route=\/wp\/v2\/users\/2"}],"replies":[{"embeddable":true,"href":"https:\/\/elluchador.info\/index.php?rest_route=%2Fwp%2Fv2%2Fcomments&post=206289"}],"version-history":[{"count":1,"href":"https:\/\/elluchador.info\/index.php?rest_route=\/wp\/v2\/posts\/206289\/revisions"}],"predecessor-version":[{"id":206292,"href":"https:\/\/elluchador.info\/index.php?rest_route=\/wp\/v2\/posts\/206289\/revisions\/206292"}],"wp:featuredmedia":[{"embeddable":true,"href":"https:\/\/elluchador.info\/index.php?rest_route=\/wp\/v2\/media\/206291"}],"wp:attachment":[{"href":"https:\/\/elluchador.info\/index.php?rest_route=%2Fwp%2Fv2%2Fmedia&parent=206289"}],"wp:term":[{"taxonomy":"category","embeddable":true,"href":"https:\/\/elluchador.info\/index.php?rest_route=%2Fwp%2Fv2%2Fcategories&post=206289"},{"taxonomy":"post_tag","embeddable":true,"href":"https:\/\/elluchador.info\/index.php?rest_route=%2Fwp%2Fv2%2Ftags&post=206289"}],"curies":[{"name":"wp","href":"https:\/\/api.w.org\/{rel}","templated":true}]}}