{"id":206370,"date":"2022-02-08T20:05:26","date_gmt":"2022-02-09T00:05:26","guid":{"rendered":"https:\/\/elluchador.info\/web\/?p=206370"},"modified":"2022-02-08T20:05:26","modified_gmt":"2022-02-09T00:05:26","slug":"sindicatos-del-sector-educacion-siguen-esperando-respuesta-de-sus-peticiones","status":"publish","type":"post","link":"https:\/\/elluchador.info\/?p=206370","title":{"rendered":"Sindicatos del sector educaci\u00f3n siguen esperando respuesta de sus peticiones"},"content":{"rendered":"<p><span style=\"font-weight: 400;\">Representantes de varios sindicatos del sector de educaci\u00f3n estadal, llevaron a cabo una asamblea en la plaza Bol\u00edvar, referente al descontento que tienen en cuanto a los beneficios de los trabajadores de la educaci\u00f3n, adscritos al ente regional.<br \/>\n<\/span><\/p>\n<p><span style=\"font-weight: 400;\"> En el encuentro estuvieron acompa\u00f1ado por el gremio de docentes estadales que hacen vida en el municipio Angostura del Orinoco, como respaldo a la situaci\u00f3n que les est\u00e1 afectando a todos ellos.<\/span><\/p>\n<p><span style=\"font-weight: 400;\">Mar\u00eda Josefina Guerra, secretaria de organizaci\u00f3n del Sinprodo colegio de profesores de Venezuela,\u00a0 y coordinadora del comando intersindical del magisterio Guayan\u00e9s explic\u00f3 \u201c quienes hemos convocado a esta asamblea motivado a las m\u00faltiples necesidades que acarrea este gremio, haci\u00e9ndole un llamado a trav\u00e9s de los medios al se\u00f1or Gobernador \u00c1ngel Marcano, para que las secretar\u00eda de educaci\u00f3n, secretar\u00eda de talento humano y secretaria del despacho\u00a0 la economista Ovanny Aguirre, a quienes le consignamos las comunicaciones solicitandoles una reuni\u00f3n, para plantearle nuestros problemas, nos atiendan\u201d.<\/span><\/p>\n<p><span style=\"font-weight: 400;\">\u201cEl d\u00eda 08 de diciembre del a\u00f1o pasado hicimos una solicitud, a la profesora Briseida Qui\u00f1onez, para que nos pudi\u00e9ramos sentar, inclusive ella conoce la problem\u00e1tica porque ella es docente jubilada del sector educaci\u00f3n, aseguraron.<\/span><\/p>\n<p><span style=\"font-weight: 400;\">Tambi\u00e9n hicimos una comunicaci\u00f3n para el Dr. Emilio Aguilar de talento humano, Donde est\u00e1n 11 organizaciones sindicales hacemos nuestros reclamos, Sutradocencia, Sinprodo, SumaHeres, SumaCaroni, Sinvemabol Heres, Sile Bol\u00edvar, SintraEnse\u00f1anza, Sindete Bol\u00edvar, Ser Bol\u00edvar, SPDTC y\u00a0 Sinvemabol Caron\u00ed\u201d.<\/span><\/p>\n<p><span style=\"font-weight: 400;\">\u201cAntes de la asamblea general, nosotros hicimos un documento de solicitud de reuni\u00f3n, donde estamos obligados a decirle a nuestros afiliados cuales son las necesidades y cu\u00e1les son las propuestas que ellos tienen\u00bb dijeron.\u00a0<\/span><\/p>\n<p><span style=\"font-weight: 400;\"> Cu\u00e1l es el primer reclamo que estamos haciendo todos al ente regional, pago de la quincena los d\u00edas 10 y 25 de acuerdo a la cl\u00e1usula 50 de la novena convenci\u00f3n colectiva en ambas entidades bancaria. <\/span><\/p>\n<p><span style=\"font-weight: 400;\">\u00abHay docentes que cobran a trav\u00e9s del banco Bicentenario y otros en el banco Caron\u00ed, pero los que cobran en este \u00faltimo banco son personas 100% jubiladas y vienen recibiendo el beneficio de su pensi\u00f3n cuatro o tres d\u00edas despu\u00e9s de la fecha\u201d, resalt\u00f3 la vocera principal de la asamblea.<\/span><\/p>\n<p><span style=\"font-weight: 400;\">\u201cOtro queremos que se nos pague el diferencial del 10% salarial sobre los docentes nacionales, que es una deuda pendiente desde el a\u00f1o 2018.\u00bb<\/span><\/p>\n<p><span style=\"font-weight: 400;\"> Estamos pidiendo que tambi\u00e9n se le pague a los docentes suplentes, hay educadores que tienen cuatro a\u00f1os trabajando como docentes suplentes en diferentes instituciones educativas y no han cobrado ni medio, y quien puede vivir as\u00ed en estos momentos de crisis. <\/span><\/p>\n<p><span style=\"font-weight: 400;\">Aparte de que el sueldo que recibe un suplente docente no est\u00e1 acorde a la categor\u00eda docente.<\/span><\/p>\n<p><span style=\"font-weight: 400;\">\u201cSolicitamos el Clap para los educadores, con las mismas condiciones que lo reciben los trabajadores de las empresas b\u00e1sicas y que este beneficio sea mensual, estuvimos haciendo un consenso en algunas instituciones educativas, donde se sugiere que el descuento se haga v\u00eda n\u00f3mina. Otro reclamo es que hoy tenemos muchos maestros con Covid y otras enfermedades, y el maestro no tiene dinero para comprar un medicamento, es preocupante que la salud del educador est\u00e1 en emergencia, el HCM no funciona desde hace a\u00f1os, el maestro se volvi\u00f3 bot\u00e1nico, ahora con t\u00e9 de lim\u00f3n, pajete, jengibre, toronjil, porque el maestro no tiene para comprar un atamel o como suplir una situaci\u00f3n de salud como esta\u201d<\/span><\/p>\n<p><span style=\"font-weight: 400;\">Asimismo, acot\u00f3 que est\u00e1n pidiendo \u201cEl pago de las clasificaciones de acuerdo a las convenciones colectivas, cuando un docente introduce el cambio para ser clasificado, desde ese d\u00eda comienza a correr el tiempo para que el docente reciba el beneficio econ\u00f3mico, y resulta que todav\u00eda hay docente que no lo han recibido.\u00a0 Otro punto es el pago de las funciones directivas, hay docentes que est\u00e1n en estas funciones y no se le ha retribuido al respecto\u201d.\u00a0<\/span><\/p>\n<p><span style=\"font-weight: 400;\">Igualmente refiri\u00f3 que el a\u00f1o pasado qued\u00f3 pendiente el pago de sus vacaciones a un grupo de docentes donde \u201cse le adeuda el a\u00f1o 2020- 2021 y del cual debe ser cancelada, esa deuda qued\u00f3 de la administraci\u00f3n pasada debe ser saldada a estos docentes, quienes ahorita algunos de ellos fueron evaluados por el Seguro Social, porque muchos estaban en su proceso de incapacidad y a esos docentes se les quit\u00f3 su bono vacacional de manera ilegal\u201d.<\/span><\/p>\n<p><span style=\"font-weight: 400;\">\u201cY en este momento le estamos pidiendo al se\u00f1or Gobernador que por favor revise ese proceso administrativo que se aplic\u00f3 all\u00ed y que se les otorgue a estas personas su bono vacacional, como corresponde. Y no nos podemos despedir sin decir que los educadores, los sobrevivientes tienen derecho a recibir la pensi\u00f3n de sobreviviente, es lamentable que aqu\u00ed no se quera entender que esto es un derecho contractual\u201d.\u00a0\u00a0<\/span><\/p>\n<p><b>Contrato colectivo vencido<\/b><\/p>\n<p><span style=\"font-weight: 400;\">Por su parte, H\u00e9ctor Alc\u00e1ntara representante del Sinprodo explico que \u201cel contrato colectivo de la Gobernaci\u00f3n con los docentes ya lleva varios a\u00f1os vencidos, pero vamos a depender nosotros del contrato nacional lamentablemente, la gobernaci\u00f3n se est\u00e1 ajustando a lo nacional y no a lo regional, entonces el contrato va a tener seis a\u00f1os vencido. La Federaci\u00f3n de educaci\u00f3n en estos momentos est\u00e1n discutiendo el contrato colectivo, porque hay ese juego all\u00ed, que el Gobierno mete cuento y cuento para prometer y no sabemos realmente cual va a ser el salario del docente\u201d.<\/span><\/p>\n<p><span style=\"font-weight: 400;\">\u201cHay una tabla, pero con esa tabla se juega mucho y no se clarifica realmente el salario del docente, y ahora con esos bonos los cuales no forman parte del salario, va en detrimento de nuestro salario, esa es la realidad. Mientras el Gobierno no tenga la claridad de manejar la administraci\u00f3n de los recursos humanos del docente estamos mal\u201d resalt\u00f3 el defensor sindical de los docentes estadales.<\/span><\/p>\n<p><b>Yanitza Mart\u00ednez CNP 19.403<\/b><\/p>\n","protected":false},"excerpt":{"rendered":"<p>Representantes de varios sindicatos del sector de educaci\u00f3n estadal, llevaron a cabo una asamblea en la plaza Bol\u00edvar, referente al descontento que tienen en cuanto a los beneficios de los trabajadores de la educaci\u00f3n, adscritos al ente regional. En el encuentro estuvieron acompa\u00f1ado por el gremio de docentes estadales que hacen vida en el municipio [&hellip;]<\/p>\n","protected":false},"author":2,"featured_media":206371,"comment_status":"closed","ping_status":"closed","sticky":false,"template":"","format":"standard","meta":{"footnotes":""},"categories":[2,5],"tags":[],"class_list":{"0":"post-206370","1":"post","2":"type-post","3":"status-publish","4":"format-standard","5":"has-post-thumbnail","7":"category-comunidad","8":"category-destacado"},"_links":{"self":[{"href":"https:\/\/elluchador.info\/index.php?rest_route=\/wp\/v2\/posts\/206370","targetHints":{"allow":["GET"]}}],"collection":[{"href":"https:\/\/elluchador.info\/index.php?rest_route=\/wp\/v2\/posts"}],"about":[{"href":"https:\/\/elluchador.info\/index.php?rest_route=\/wp\/v2\/types\/post"}],"author":[{"embeddable":true,"href":"https:\/\/elluchador.info\/index.php?rest_route=\/wp\/v2\/users\/2"}],"replies":[{"embeddable":true,"href":"https:\/\/elluchador.info\/index.php?rest_route=%2Fwp%2Fv2%2Fcomments&post=206370"}],"version-history":[{"count":1,"href":"https:\/\/elluchador.info\/index.php?rest_route=\/wp\/v2\/posts\/206370\/revisions"}],"predecessor-version":[{"id":206372,"href":"https:\/\/elluchador.info\/index.php?rest_route=\/wp\/v2\/posts\/206370\/revisions\/206372"}],"wp:featuredmedia":[{"embeddable":true,"href":"https:\/\/elluchador.info\/index.php?rest_route=\/wp\/v2\/media\/206371"}],"wp:attachment":[{"href":"https:\/\/elluchador.info\/index.php?rest_route=%2Fwp%2Fv2%2Fmedia&parent=206370"}],"wp:term":[{"taxonomy":"category","embeddable":true,"href":"https:\/\/elluchador.info\/index.php?rest_route=%2Fwp%2Fv2%2Fcategories&post=206370"},{"taxonomy":"post_tag","embeddable":true,"href":"https:\/\/elluchador.info\/index.php?rest_route=%2Fwp%2Fv2%2Ftags&post=206370"}],"curies":[{"name":"wp","href":"https:\/\/api.w.org\/{rel}","templated":true}]}}