{"id":206435,"date":"2022-02-10T13:06:29","date_gmt":"2022-02-10T17:06:29","guid":{"rendered":"https:\/\/elluchador.info\/web\/?p=206435"},"modified":"2022-02-10T13:06:29","modified_gmt":"2022-02-10T17:06:29","slug":"liberan-a-salvadorena-tras-diez-anos-en-prision-por-un-aborto-espontaneo","status":"publish","type":"post","link":"https:\/\/elluchador.info\/?p=206435","title":{"rendered":"Liberan a salvadore\u00f1a tras diez a\u00f1os en prisi\u00f3n por un aborto espont\u00e1neo"},"content":{"rendered":"<p>Las autoridades del pa\u00eds centroamericano excarcelaron a una prisionera de 38 a\u00f1os que fue sentenciada a 30 a\u00f1os bajo cargos de homicidio agravado luego de padecer una emergencia obst\u00e9trica en junio de 2011. Grupos locales de derechos humanos celebraron la puesta en libertad de la mujer.<\/p>\n<p>En El Salvador se produjo la liberaci\u00f3n de una reclusa de 38 a\u00f1os que estaba purgando el d\u00e9cimo a\u00f1o de condena de los 30 que le sentenciaron bajo cargos de homicidio agravado tras sufrir un aborto espont\u00e1neo.<\/p>\n<p>Seg\u00fan comunicaron los grupos locales de derechos humanos, Elsy \u2013su apellido no fue difundido\u2013\u00a0hab\u00eda padecido una emergencia obst\u00e9trica en junio de 2011\u00a0cuando se desempe\u00f1aba como empleada dom\u00e9stica. Posteriormente\u00a0fue detenida y\u00a0con celeridad tambi\u00e9n fue enjuiciada y acusada de asesinato.<\/p>\n<p>La Agrupaci\u00f3n\u00a0Ciudadana por la Despenalizaci\u00f3n del Aborto en El Salvador detall\u00f3 que el caso judicial de origen acarreaba irregularidades, entre ellas, la ausencia de un defensor para la procesada. \u201cSu condena err\u00f3nea de 30 a\u00f1os por homicidio agravado ha terminado\u201d, manifest\u00f3 la presidenta de la agrupaci\u00f3n, Morena Herrera a trav\u00e9s de un comunicado.<\/p>\n<p>En el mismo tambi\u00e9n aseguran que deben \u201cseguir luchando incansablemente\u201d para liberar a las mujeres que contin\u00faan privadas de su libertad.<\/p>\n<p>La organizaci\u00f3n a\u00f1adi\u00f3 que Elsy se reencontrar\u00e1 pronto con su hijo, quien \u201csolo la ten\u00eda a ella\u201d. Las agrupaciones lamentaron que un \u00aberror en la interpretaci\u00f3n\u00bb de la resoluci\u00f3n del Ministerio de Seguridad, que reafirm\u00f3 la conmutaci\u00f3n de la pena, retras\u00f3 un mes y medio la liberaci\u00f3n.<\/p>\n<div id=\"outstream_article\" data-id=\"108\" data-m=\"{&quot;i&quot;:108,&quot;p&quot;:106,&quot;n&quot;:&quot;article-inlineOutstreamAd&quot;,&quot;t&quot;:&quot;inlineOutstreamAd&quot;,&quot;o&quot;:2}\">\n<div id=\"inlineoutstreamcontainer\" class=\"inlineOutstreamContainer\">\n<div id=\"apn_display_container_f5slobgu8gm\" class=\"\"><strong>El Salvador, uno de los pa\u00edses m\u00e1s restrictivos sobre el aborto\u00a0<\/strong><\/div>\n<\/div>\n<\/div>\n<p>El pa\u00eds centroamericano\u00a0a\u00fan mantiene una deuda respecto a los derechos femeninos y ha sido criticado duramente por organismos internacionales. Por caso, en noviembre \u00faltimo, la Corte Interamericana de Derechos Humanos dictamin\u00f3 que los centroamericanos hab\u00edan vulnerado los derechos de una mujer identificada como &#8216;Manu&#8217;, quien fue enviada a prisi\u00f3n y muri\u00f3 mientras transitaba una condena de 30 a\u00f1os por violar las leyes restrictivas del aborto.<\/p>\n<p>Con la interrupci\u00f3n voluntaria del embarazo prohibida en todos los casos, incluidos los generados en circunstancias de violaci\u00f3n, incesto o cuando la vida de la gestante est\u00e1 en peligro, en los \u00faltimos 20 a\u00f1os las autoridades salvadore\u00f1as procesaron penalmente a 181 mujeres que sufrieron emergencias obst\u00e9tricas. Seg\u00fan indicaron organizaciones feministas, desde 2009, 61 de ellas han sido puestas en libertad.<\/p>\n<p>En diciembre pasado, celebridades internaciones impulsaron la campa\u00f1a \u201cLibertad para las 17\u201d donde le solicitaron al presidente Nayib Bukele que excarcele a las 17 mujeres que permanecen presas por abortos espont\u00e1neos u otras emergencias. Desde el lanzamiento de la petici\u00f3n, cinco de ellas recibieron la conmutaci\u00f3n de su pena.<\/p>\n<p>En septiembre, el mandatario salvadore\u00f1o afirm\u00f3 que excluir\u00e1 de una propuesta a la Constituci\u00f3n cualquier posibilidad que abra la puerta a la despenalizaci\u00f3n del aborto y el matrimonio entre personas del mismo g\u00e9nero.<\/p>\n<p><strong>Con Reuters y EFE<\/strong><\/p>\n","protected":false},"excerpt":{"rendered":"<p>Las autoridades del pa\u00eds centroamericano excarcelaron a una prisionera de 38 a\u00f1os que fue sentenciada a 30 a\u00f1os bajo cargos de homicidio agravado luego de padecer una emergencia obst\u00e9trica en junio de 2011. Grupos locales de derechos humanos celebraron la puesta en libertad de la mujer. En El Salvador se produjo la liberaci\u00f3n de una [&hellip;]<\/p>\n","protected":false},"author":2,"featured_media":206436,"comment_status":"closed","ping_status":"closed","sticky":false,"template":"","format":"standard","meta":{"footnotes":""},"categories":[8],"tags":[],"class_list":{"0":"post-206435","1":"post","2":"type-post","3":"status-publish","4":"format-standard","5":"has-post-thumbnail","7":"category-internacionales"},"_links":{"self":[{"href":"https:\/\/elluchador.info\/index.php?rest_route=\/wp\/v2\/posts\/206435","targetHints":{"allow":["GET"]}}],"collection":[{"href":"https:\/\/elluchador.info\/index.php?rest_route=\/wp\/v2\/posts"}],"about":[{"href":"https:\/\/elluchador.info\/index.php?rest_route=\/wp\/v2\/types\/post"}],"author":[{"embeddable":true,"href":"https:\/\/elluchador.info\/index.php?rest_route=\/wp\/v2\/users\/2"}],"replies":[{"embeddable":true,"href":"https:\/\/elluchador.info\/index.php?rest_route=%2Fwp%2Fv2%2Fcomments&post=206435"}],"version-history":[{"count":1,"href":"https:\/\/elluchador.info\/index.php?rest_route=\/wp\/v2\/posts\/206435\/revisions"}],"predecessor-version":[{"id":206437,"href":"https:\/\/elluchador.info\/index.php?rest_route=\/wp\/v2\/posts\/206435\/revisions\/206437"}],"wp:featuredmedia":[{"embeddable":true,"href":"https:\/\/elluchador.info\/index.php?rest_route=\/wp\/v2\/media\/206436"}],"wp:attachment":[{"href":"https:\/\/elluchador.info\/index.php?rest_route=%2Fwp%2Fv2%2Fmedia&parent=206435"}],"wp:term":[{"taxonomy":"category","embeddable":true,"href":"https:\/\/elluchador.info\/index.php?rest_route=%2Fwp%2Fv2%2Fcategories&post=206435"},{"taxonomy":"post_tag","embeddable":true,"href":"https:\/\/elluchador.info\/index.php?rest_route=%2Fwp%2Fv2%2Ftags&post=206435"}],"curies":[{"name":"wp","href":"https:\/\/api.w.org\/{rel}","templated":true}]}}