{"id":206439,"date":"2022-02-10T16:12:06","date_gmt":"2022-02-10T20:12:06","guid":{"rendered":"https:\/\/elluchador.info\/web\/?p=206439"},"modified":"2022-02-10T16:12:06","modified_gmt":"2022-02-10T20:12:06","slug":"en-soledad-realizan-jornadas-del-plan-characo-y-de-atencion-integral-a-mujeres","status":"publish","type":"post","link":"https:\/\/elluchador.info\/?p=206439","title":{"rendered":"En Soledad realizan jornadas del Plan Characo  y de atenci\u00f3n integral a mujeres"},"content":{"rendered":"<p style=\"font-weight: 400;\">Con una nutrida asistencia de m\u00e1s de 300 personas, entre \u00a0trabajadores del campo, pescadores y mujeres, se celebraron ayer, de forma simult\u00e1nea, en la cancha deportiva techada La Madama de Soledad, las Primeras \u00a0Jornadas del Plan Characo \u00a0y la Jornada de Atenci\u00f3n Integral a la Mujer.<\/p>\n<p style=\"font-weight: 400;\">\u00a0Ambos eventos promovidos por el gobernador Luis Jos\u00e9 Marcano, de Anzo\u00e1tegui, tuvieron el efectivo \u00a0apoyo de la Alcald\u00eda de Independencia, a trav\u00e9s de la direcci\u00f3n\u00a0 municipal de desarrollo agrario, cuya titular es Ana Bolet y el Instituto Municipal de la Mujer, en el marco de las pol\u00edticas de gobierno de cooperaci\u00f3n institucional para beneficiar al pueblo.<\/p>\n<p style=\"font-weight: 400;\">\u00a0Los productores rurales fueron beneficiados por el Plan Characo con la entrega de herramientas de trabajo, incorporaci\u00f3n a los planes de tr\u00e1mites de titularidad de tierras, registro de productores, carnetizaci\u00f3n del Instituto Nacional de Salud Agr\u00edcola Integral (Insai) y apoyo legal para apalancar las actividades productivas y reactivar el aparato de producci\u00f3n regional.<\/p>\n<p style=\"font-weight: 400;\">El citado programa es adelantado por el gobernador Marcano\u00a0y la\u00a0 Corporaci\u00f3n para el Desarrollo Rural Integral Sustentable del estado Anzo\u00e1tegui (Cordagro).<\/p>\n<p style=\"font-weight: 400;\">\u00a0Las jornadas del Plan Characo, que comenzaron el pasado mes en Valle Guanape y Guanape, en la cordillera de la costa, Municipio Francisco Carvajal, se adelantan en las entidades municipales de Anzo\u00e1tegui con tradici\u00f3n agr\u00edcola.<\/p>\n<p style=\"font-weight: 400;\">Adem\u00e1s de la Gobernaci\u00f3n, Cordagro y el Insai participan en el programa Characo el Ministerio de Agricultura Productiva y Tierras, la Superintendecia Nacional de Gesti\u00f3n Agroalimentaria (Sunagro) y el Instituto Nacional de Tierras (Inti).<\/p>\n<p style=\"font-weight: 400;\">\u00a0El Instituto Estadal de la Mujer, que reactiv\u00f3 el gobernador Marcano para ejecutar efectivas\u00a0pol\u00edticas de atenci\u00f3n integral a las mujeres, efectu\u00f3 tambi\u00e9n junto al Instituto Nacional de Nutrici\u00f3n en Soledad, conjuntamente con el Instituto Nacional de Nutrici\u00f3n, \u00a0el programa de abordaje integral a la mujer.<\/p>\n<p style=\"font-weight: 400;\">\u00a0En el evento femenino se present\u00f3 una exposici\u00f3n de vestidos de mujer, as\u00ed como de productos alimenticios de granos y auyamas.<\/p>\n<p style=\"font-weight: 400;\">(Prensa Alcald\u00eda de Independencia\/ JLS)<\/p>\n","protected":false},"excerpt":{"rendered":"<p>Con una nutrida asistencia de m\u00e1s de 300 personas, entre \u00a0trabajadores del campo, pescadores y mujeres, se celebraron ayer, de forma simult\u00e1nea, en la cancha deportiva techada La Madama de Soledad, las Primeras \u00a0Jornadas del Plan Characo \u00a0y la Jornada de Atenci\u00f3n Integral a la Mujer. \u00a0Ambos eventos promovidos por el gobernador Luis Jos\u00e9 Marcano, [&hellip;]<\/p>\n","protected":false},"author":2,"featured_media":206440,"comment_status":"closed","ping_status":"closed","sticky":false,"template":"","format":"standard","meta":{"footnotes":""},"categories":[5,12],"tags":[],"class_list":{"0":"post-206439","1":"post","2":"type-post","3":"status-publish","4":"format-standard","5":"has-post-thumbnail","7":"category-destacado","8":"category-regionales"},"_links":{"self":[{"href":"https:\/\/elluchador.info\/index.php?rest_route=\/wp\/v2\/posts\/206439","targetHints":{"allow":["GET"]}}],"collection":[{"href":"https:\/\/elluchador.info\/index.php?rest_route=\/wp\/v2\/posts"}],"about":[{"href":"https:\/\/elluchador.info\/index.php?rest_route=\/wp\/v2\/types\/post"}],"author":[{"embeddable":true,"href":"https:\/\/elluchador.info\/index.php?rest_route=\/wp\/v2\/users\/2"}],"replies":[{"embeddable":true,"href":"https:\/\/elluchador.info\/index.php?rest_route=%2Fwp%2Fv2%2Fcomments&post=206439"}],"version-history":[{"count":1,"href":"https:\/\/elluchador.info\/index.php?rest_route=\/wp\/v2\/posts\/206439\/revisions"}],"predecessor-version":[{"id":206441,"href":"https:\/\/elluchador.info\/index.php?rest_route=\/wp\/v2\/posts\/206439\/revisions\/206441"}],"wp:featuredmedia":[{"embeddable":true,"href":"https:\/\/elluchador.info\/index.php?rest_route=\/wp\/v2\/media\/206440"}],"wp:attachment":[{"href":"https:\/\/elluchador.info\/index.php?rest_route=%2Fwp%2Fv2%2Fmedia&parent=206439"}],"wp:term":[{"taxonomy":"category","embeddable":true,"href":"https:\/\/elluchador.info\/index.php?rest_route=%2Fwp%2Fv2%2Fcategories&post=206439"},{"taxonomy":"post_tag","embeddable":true,"href":"https:\/\/elluchador.info\/index.php?rest_route=%2Fwp%2Fv2%2Ftags&post=206439"}],"curies":[{"name":"wp","href":"https:\/\/api.w.org\/{rel}","templated":true}]}}