{"id":206442,"date":"2022-02-10T16:17:10","date_gmt":"2022-02-10T20:17:10","guid":{"rendered":"https:\/\/elluchador.info\/web\/?p=206442"},"modified":"2022-02-10T16:17:10","modified_gmt":"2022-02-10T20:17:10","slug":"familiares-de-pescadores-asesinados-en-riberas-del-rio-aro-exigen-justicia-y-pena-maxima","status":"publish","type":"post","link":"https:\/\/elluchador.info\/?p=206442","title":{"rendered":"Familiares de pescadores asesinados en riberas del r\u00edo Aro exigen justicia y pena m\u00e1xima"},"content":{"rendered":"<p><span style=\"font-weight: 400;\">Familiares de los cinco pescadores asesinados en la laguna de La Piedra, al margen del r\u00edo Aro, jurisdicci\u00f3n del municipio Angostura del Orinoco, asistieron este jueves al Tribunal 4\u00ba de Control\u00a0 en materia Pernal, de la Primera Circunscripci\u00f3n Judicial del estado Bol\u00edvar, para estar presentes en la audiencia 31 de la causa, que lleva ese juzgado en el proceso que se le sigue a los seis presuntos homicidas de las v\u00edctimas.\u00a0<\/span><\/p>\n<p><span style=\"font-weight: 400;\">Tom\u00e1s Castillo, hijo de Jos\u00e9 Manuel Castillo, uno de los pescadores asesinados, record\u00f3 que este hecho ocurri\u00f3 cuando su padre en compa\u00f1\u00eda de Yosber Flores, Carlos Sol\u00f3rzano, Alcides Bol\u00edvar Hern\u00e1ndez y Euclides Bol\u00edvar Hern\u00e1ndez, conocidos como los morochos, salieron de pesca el 13 de enero del a\u00f1o 2021 desde El Palmar del Orinoco, municipio Francisco de Miranda del estado Anzo\u00e1tegui, hacia la laguna La Piedra, en riberas del r\u00edo Aro, municipio Angostura del Orinoco.\u00a0<\/span><\/p>\n<p><span style=\"font-weight: 400;\">Agreg\u00f3 que las v\u00edctimas se dirigieron en una curiara para pescar en la referida laguna, con todos los implementos utilizados por los pescadores en este tipo de faena, rumbo a la laguna La Piedra, para luego cambiar el rumbo hacia la laguna El Chaparrar, ambas al margen del r\u00edo Aro.<\/span><\/p>\n<p><span style=\"font-weight: 400;\">\u201cEllos ten\u00edan que regresar el 15 de enero, pero como no llegaron a la fecha pautada, y como el d\u00eda 16 tampoco regresaron, salimos en su b\u00fasqueda el 17 de enero de 2021, donde encontr\u00e9 a mi padre, hermano y a un compadre en estados de descomposici\u00f3n en el interior de la curiara donde hab\u00edan salido de pesca, raz\u00f3n por la cual dimos parte a las autoridades, quienes hicieron el levantamiento de los cad\u00e1veres y se iniciaron las respectivas investigaciones para ubicar a los responsables de este crimen. Exigimos justicia y pena m\u00e1xima.\u201d, dijo Castillo.<\/span><\/p>\n<p><span style=\"font-weight: 400;\">\u00a0<\/span><span style=\"font-weight: 400;\">Dijo que en la embarcaci\u00f3n no se encontraban los morochos Euclides y Alcides Bol\u00edvar, indicando que la osamenta de las v\u00edctimas fueron encontradas despu\u00e9s de tres meses en un funde en jurisdicci\u00f3n del municipio Angostura del Orinoco, propiedad de uno de los presuntos asesinos.\u00a0 Los presuntos homicidas son: N\u00e9stor Jos\u00e9 Lira, Richard Armando Rodr\u00edguez, H\u00e9ctor Jos\u00e9 Ortiz, Jos\u00e9 Manuel Herrera Lira, Jos\u00e9 Augusto Lira y Jos\u00e9 Francisco Alfaro Garc\u00eda.<\/span><\/p>\n<p><span style=\"font-weight: 400;\">Por su parte, el Dr. Edmundo M\u00e1rquez, representante legal de los querellantes en este caso, indic\u00f3 que desde hasta ahora y del pasado mes de noviembre del a\u00f1o 2021, cuando se inici\u00f3 el juicio oral y p\u00fablico, se ha llevado de manera transparente, con la declaraci\u00f3n de testigos, los funcionarios actuantes y los expertos, quienes han manifestado profesionalmente, todo lo que ha sucedido, orientando al Tribunal, a la defensa legal y al Ministerio P\u00fablico. \u201cLo que queremos es que se haga justicia en este caso\u201d, dijo finalmente el Dr. Edmundo M\u00e1rquez.<\/span><\/p>\n<p>RS<\/p>\n","protected":false},"excerpt":{"rendered":"<p>Familiares de los cinco pescadores asesinados en la laguna de La Piedra, al margen del r\u00edo Aro, jurisdicci\u00f3n del municipio Angostura del Orinoco, asistieron este jueves al Tribunal 4\u00ba de Control\u00a0 en materia Pernal, de la Primera Circunscripci\u00f3n Judicial del estado Bol\u00edvar, para estar presentes en la audiencia 31 de la causa, que lleva ese [&hellip;]<\/p>\n","protected":false},"author":2,"featured_media":206443,"comment_status":"closed","ping_status":"closed","sticky":false,"template":"","format":"standard","meta":{"footnotes":""},"categories":[5,13],"tags":[],"class_list":{"0":"post-206442","1":"post","2":"type-post","3":"status-publish","4":"format-standard","5":"has-post-thumbnail","7":"category-destacado","8":"category-sucesos"},"_links":{"self":[{"href":"https:\/\/elluchador.info\/index.php?rest_route=\/wp\/v2\/posts\/206442","targetHints":{"allow":["GET"]}}],"collection":[{"href":"https:\/\/elluchador.info\/index.php?rest_route=\/wp\/v2\/posts"}],"about":[{"href":"https:\/\/elluchador.info\/index.php?rest_route=\/wp\/v2\/types\/post"}],"author":[{"embeddable":true,"href":"https:\/\/elluchador.info\/index.php?rest_route=\/wp\/v2\/users\/2"}],"replies":[{"embeddable":true,"href":"https:\/\/elluchador.info\/index.php?rest_route=%2Fwp%2Fv2%2Fcomments&post=206442"}],"version-history":[{"count":1,"href":"https:\/\/elluchador.info\/index.php?rest_route=\/wp\/v2\/posts\/206442\/revisions"}],"predecessor-version":[{"id":206444,"href":"https:\/\/elluchador.info\/index.php?rest_route=\/wp\/v2\/posts\/206442\/revisions\/206444"}],"wp:featuredmedia":[{"embeddable":true,"href":"https:\/\/elluchador.info\/index.php?rest_route=\/wp\/v2\/media\/206443"}],"wp:attachment":[{"href":"https:\/\/elluchador.info\/index.php?rest_route=%2Fwp%2Fv2%2Fmedia&parent=206442"}],"wp:term":[{"taxonomy":"category","embeddable":true,"href":"https:\/\/elluchador.info\/index.php?rest_route=%2Fwp%2Fv2%2Fcategories&post=206442"},{"taxonomy":"post_tag","embeddable":true,"href":"https:\/\/elluchador.info\/index.php?rest_route=%2Fwp%2Fv2%2Ftags&post=206442"}],"curies":[{"name":"wp","href":"https:\/\/api.w.org\/{rel}","templated":true}]}}