{"id":206458,"date":"2022-02-10T16:44:44","date_gmt":"2022-02-10T20:44:44","guid":{"rendered":"https:\/\/elluchador.info\/web\/?p=206458"},"modified":"2022-02-10T16:44:44","modified_gmt":"2022-02-10T20:44:44","slug":"oms-africa-esta-pasando-a-la-fase-de-control-de-la-pandemia","status":"publish","type":"post","link":"https:\/\/elluchador.info\/?p=206458","title":{"rendered":"OMS: \u00c1frica est\u00e1 pasando a la fase de control de la pandemia"},"content":{"rendered":"<p>Seg\u00fan las cifras de la OMS, \u00c1frica se encuentra entre los continentes menos afectados por la COVID-19, aunque se han subestimado los casos y las muertes, como en otros lugares.<\/p>\n<p><strong>\u00c1frica<\/strong>\u00a0est\u00e1 pasando a la \u201cfase de control\u201d de la\u00a0<strong>pandemia<\/strong>\u00a0de la\u00a0<strong>COVID-19<\/strong>\u00a0y el aumento de las tasas de<strong>\u00a0vacunaci\u00f3n<\/strong>\u00a0ser\u00e1 crucial para ayudar a la regi\u00f3n a convivir con la enfermedad, afirm\u00f3 este jueves el director de la Organizaci\u00f3n Mundial de la Salud para ese continente, Matshidiso Moeti.<\/p>\n<p>\u201cAunque el COVID-19 estar\u00e1 con nosotros a largo plazo, hay luz al final del t\u00fanel. Este a\u00f1o podemos poner fin a la interrupci\u00f3n y destrucci\u00f3n que el virus ha dejado a su paso y recuperar el control sobre nuestras vidas\u201d, agreg\u00f3 el funcionario.<\/p>\n<p>\u00c1frica se dirige hacia \u201clo que podr\u00eda convertirse en una especie de endemia, vivir con el virus\u2026 Creo que estamos pasando de la fase pand\u00e9mica y ahora tendremos que gestionar la presencia de este virus\u201d, dijo a periodistas en una rueda de prensa virtual.<\/p>\n<p>\u201cDurante los \u00faltimos dos a\u00f1os, el continente africano se ha vuelto m\u00e1s inteligente, r\u00e1pido y mejor para responder a cada nuevo aumento de casos de COVID-19\u201d, agreg\u00f3 Moeti.<\/p>\n<p>\u201cContra todo pron\u00f3stico, incluidas las enormes desigualdades en el acceso a las vacunas, hemos capeado la tormenta del COVID-19 con resiliencia y determinaci\u00f3n\u2026, pero el COVID-19 nos ha costado muy caro, con m\u00e1s de 242.000 vidas perdidas y un tremendo da\u00f1o a nuestras econom\u00edas\u201d, a\u00f1adi\u00f3.<\/p>\n<p>El optimismo de Moeti contrasta con las advertencias del director general de la OMS, Tedros Adhanom Ghebreyesus, quien ha repetido que la pandemia no ha terminado.<\/p>\n<p>Seg\u00fan el Banco Mundial, se calcula que la pandemia ha empujado a 40 millones de personas a la pobreza extrema en el continente y se calcula que cada mes de retraso en el levantamiento de las medidas de confinamiento le cuesta a \u00c1frica 13.800 millones de d\u00f3lares en ingresos brutos perdidos, a\u00f1adi\u00f3 Moeti.<\/p>\n<p>\u00abEs preocupante que solo el 11% de la poblaci\u00f3n adulta de \u00c1frica est\u00e9 vacunada a pesar de que el continente recibi\u00f3 m\u00e1s de 670 millones de dosis\u00bb, dijo el funcionario.<\/p>\n<p>El Impulso<\/p>\n","protected":false},"excerpt":{"rendered":"<p>Seg\u00fan las cifras de la OMS, \u00c1frica se encuentra entre los continentes menos afectados por la COVID-19, aunque se han subestimado los casos y las muertes, como en otros lugares. \u00c1frica\u00a0est\u00e1 pasando a la \u201cfase de control\u201d de la\u00a0pandemia\u00a0de la\u00a0COVID-19\u00a0y el aumento de las tasas de\u00a0vacunaci\u00f3n\u00a0ser\u00e1 crucial para ayudar a la regi\u00f3n a convivir con [&hellip;]<\/p>\n","protected":false},"author":2,"featured_media":206459,"comment_status":"closed","ping_status":"closed","sticky":false,"template":"","format":"standard","meta":{"footnotes":""},"categories":[5,8],"tags":[650,597,579,187],"class_list":{"0":"post-206458","1":"post","2":"type-post","3":"status-publish","4":"format-standard","5":"has-post-thumbnail","7":"category-destacado","8":"category-internacionales","9":"tag-africa","10":"tag-endemia","11":"tag-pandemia","12":"tag-virus"},"_links":{"self":[{"href":"https:\/\/elluchador.info\/index.php?rest_route=\/wp\/v2\/posts\/206458","targetHints":{"allow":["GET"]}}],"collection":[{"href":"https:\/\/elluchador.info\/index.php?rest_route=\/wp\/v2\/posts"}],"about":[{"href":"https:\/\/elluchador.info\/index.php?rest_route=\/wp\/v2\/types\/post"}],"author":[{"embeddable":true,"href":"https:\/\/elluchador.info\/index.php?rest_route=\/wp\/v2\/users\/2"}],"replies":[{"embeddable":true,"href":"https:\/\/elluchador.info\/index.php?rest_route=%2Fwp%2Fv2%2Fcomments&post=206458"}],"version-history":[{"count":1,"href":"https:\/\/elluchador.info\/index.php?rest_route=\/wp\/v2\/posts\/206458\/revisions"}],"predecessor-version":[{"id":206460,"href":"https:\/\/elluchador.info\/index.php?rest_route=\/wp\/v2\/posts\/206458\/revisions\/206460"}],"wp:featuredmedia":[{"embeddable":true,"href":"https:\/\/elluchador.info\/index.php?rest_route=\/wp\/v2\/media\/206459"}],"wp:attachment":[{"href":"https:\/\/elluchador.info\/index.php?rest_route=%2Fwp%2Fv2%2Fmedia&parent=206458"}],"wp:term":[{"taxonomy":"category","embeddable":true,"href":"https:\/\/elluchador.info\/index.php?rest_route=%2Fwp%2Fv2%2Fcategories&post=206458"},{"taxonomy":"post_tag","embeddable":true,"href":"https:\/\/elluchador.info\/index.php?rest_route=%2Fwp%2Fv2%2Ftags&post=206458"}],"curies":[{"name":"wp","href":"https:\/\/api.w.org\/{rel}","templated":true}]}}