{"id":206476,"date":"2022-02-11T11:15:25","date_gmt":"2022-02-11T15:15:25","guid":{"rendered":"https:\/\/elluchador.info\/web\/?p=206476"},"modified":"2022-02-11T11:19:14","modified_gmt":"2022-02-11T15:19:14","slug":"cesar-perez-rossi-cumple-93-anos-la-cruz-roja-en-bolivar","status":"publish","type":"post","link":"https:\/\/elluchador.info\/?p=206476","title":{"rendered":"Cesar Perez Rossi: \u00abCumple 93 a\u00f1os la Cruz Roja en Bol\u00edvar\u00bb"},"content":{"rendered":"<p>El pr\u00f3ximo lunes, 14 de febrero, se cumplen 93 a\u00f1os de la fundaci\u00f3n de la Cruz Roja Venezolana, Seccional Bol\u00edvar. En esa fecha del a\u00f1o 1.929, presidida por el Sr. Eduardo Boccardo, comenz\u00f3 a prestar servicios a los bolivarenses esta instituci\u00f3n internacional que durante m\u00e1s de nueve<br \/>\nd\u00e9cadas se ha venido ganando el cari\u00f1o y agradecimiento del pueblo.<\/p>\n<p>La celebraci\u00f3n de la importante fecha adquiere realce por la destacada participaci\u00f3n internacional y nacional de la Cruz Roja en la lucha diaria contra la pandemia, por lo que es un momento propicio para reconocer la labor solidaria y humanitaria que realizan todas las personas vinculadas<br \/>\na esta instituci\u00f3n, dedicados a proteger la vida, la salud, prevenir y aliviar el sufrimiento del ser humano en cualquier circunstancia y particularmente en la lucha contra el covid.<\/p>\n<p>Por ese motivo este domingo 13 de febrero, a las 9 am, en la Concha Ac\u00fastica Serenata Guayanesa, en el Parque Ruiz Pineda, se estar\u00e1 realizando la transmisi\u00f3n conjunta de los programas radiales Rotary en Acci\u00f3n y Serenateando, por Onda 103.5 La Super Estaci\u00f3n.<\/p>\n<p>El Dr. Cesar P\u00e9rez Rossi, presidente de la Cruz Roja Seccional Bol\u00edvar invita a los bolivarenses a acompa\u00f1arlos, ya que estar\u00e1 presente todo el personal, voluntarios y socorristas de la Cruz Roja y realizar\u00e1n jornada de atenci\u00f3n ciudadana con tomas de tensi\u00f3n arterial y desparasitaci\u00f3n entre<br \/>\notros servicios gratuitos.<\/p>\n<p>&nbsp;<\/p>\n","protected":false},"excerpt":{"rendered":"<p>El pr\u00f3ximo lunes, 14 de febrero, se cumplen 93 a\u00f1os de la fundaci\u00f3n de la Cruz Roja Venezolana, Seccional Bol\u00edvar. En esa fecha del a\u00f1o 1.929, presidida por el Sr. Eduardo Boccardo, comenz\u00f3 a prestar servicios a los bolivarenses esta instituci\u00f3n internacional que durante m\u00e1s de nueve d\u00e9cadas se ha venido ganando el cari\u00f1o y [&hellip;]<\/p>\n","protected":false},"author":2,"featured_media":206477,"comment_status":"closed","ping_status":"closed","sticky":false,"template":"","format":"standard","meta":{"footnotes":""},"categories":[5,12],"tags":[],"class_list":{"0":"post-206476","1":"post","2":"type-post","3":"status-publish","4":"format-standard","5":"has-post-thumbnail","7":"category-destacado","8":"category-regionales"},"_links":{"self":[{"href":"https:\/\/elluchador.info\/index.php?rest_route=\/wp\/v2\/posts\/206476","targetHints":{"allow":["GET"]}}],"collection":[{"href":"https:\/\/elluchador.info\/index.php?rest_route=\/wp\/v2\/posts"}],"about":[{"href":"https:\/\/elluchador.info\/index.php?rest_route=\/wp\/v2\/types\/post"}],"author":[{"embeddable":true,"href":"https:\/\/elluchador.info\/index.php?rest_route=\/wp\/v2\/users\/2"}],"replies":[{"embeddable":true,"href":"https:\/\/elluchador.info\/index.php?rest_route=%2Fwp%2Fv2%2Fcomments&post=206476"}],"version-history":[{"count":2,"href":"https:\/\/elluchador.info\/index.php?rest_route=\/wp\/v2\/posts\/206476\/revisions"}],"predecessor-version":[{"id":206479,"href":"https:\/\/elluchador.info\/index.php?rest_route=\/wp\/v2\/posts\/206476\/revisions\/206479"}],"wp:featuredmedia":[{"embeddable":true,"href":"https:\/\/elluchador.info\/index.php?rest_route=\/wp\/v2\/media\/206477"}],"wp:attachment":[{"href":"https:\/\/elluchador.info\/index.php?rest_route=%2Fwp%2Fv2%2Fmedia&parent=206476"}],"wp:term":[{"taxonomy":"category","embeddable":true,"href":"https:\/\/elluchador.info\/index.php?rest_route=%2Fwp%2Fv2%2Fcategories&post=206476"},{"taxonomy":"post_tag","embeddable":true,"href":"https:\/\/elluchador.info\/index.php?rest_route=%2Fwp%2Fv2%2Ftags&post=206476"}],"curies":[{"name":"wp","href":"https:\/\/api.w.org\/{rel}","templated":true}]}}