{"id":206523,"date":"2022-02-11T18:24:35","date_gmt":"2022-02-11T22:24:35","guid":{"rendered":"https:\/\/elluchador.info\/web\/?p=206523"},"modified":"2022-02-11T18:24:35","modified_gmt":"2022-02-11T22:24:35","slug":"trinidad-y-tobago-devolvio-a-los-venezolanos-que-iban-con-bebe-que-murio-de-un-tiro","status":"publish","type":"post","link":"https:\/\/elluchador.info\/?p=206523","title":{"rendered":"Trinidad y Tobago devolvi\u00f3 a los venezolanos que iban con beb\u00e9 que muri\u00f3 de un tiro"},"content":{"rendered":"<p>Las autoridades locales, junto a representantes de la Embajada venezolana en Trinidad y Tobago,\u00a0registraron al grupo para asegurarse de que ninguno de los migrantes era v\u00edctima de tr\u00e1fico humano, seg\u00fan la nota.<\/p>\n<p>El Ministerio de Seguridad Nacional de Trinidad y Tobago\u00a0inform\u00f3 este viernes de la repatriaci\u00f3n de 35 de los 39 migrantes venezolanos que fueron detenidos el pasado 6 de febrero,\u00a0cuando los guardacostas trinitenses dispararon contra una embarcaci\u00f3n matando a un beb\u00e9.<\/p>\n<p>La madre del beb\u00e9, que result\u00f3 herida durante el incidente con los guardacostas se recupera de sus lesiones en un hospital del pa\u00eds caribe\u00f1o y se encuentra ya fuera de la unidad de cuidados intensivos.<\/p>\n<p>El letrado Blaine Sobrien dijo que sus clientes son \u00abrefugiados y hay familiares del beb\u00e9 en Trinidad y Tobago que no pueden regresar a Venezuela porque algunos de ellos eran miembros de las fuerzas armadas y si regresan pueden enfrentar la c\u00e1rcel o ser asesinados\u00bb.<\/p>\n<p>El objetivo es la reunificaci\u00f3n familiar en Trinidad y Tobago, donde ya vive el padre del ni\u00f1o fatalmente tiroteado y otros parientes.<\/p>\n<p>EFE<\/p>\n","protected":false},"excerpt":{"rendered":"<p>Las autoridades locales, junto a representantes de la Embajada venezolana en Trinidad y Tobago,\u00a0registraron al grupo para asegurarse de que ninguno de los migrantes era v\u00edctima de tr\u00e1fico humano, seg\u00fan la nota. El Ministerio de Seguridad Nacional de Trinidad y Tobago\u00a0inform\u00f3 este viernes de la repatriaci\u00f3n de 35 de los 39 migrantes venezolanos que fueron [&hellip;]<\/p>\n","protected":false},"author":2,"featured_media":206524,"comment_status":"closed","ping_status":"closed","sticky":false,"template":"","format":"standard","meta":{"footnotes":""},"categories":[5,8],"tags":[495,622,624],"class_list":{"0":"post-206523","1":"post","2":"type-post","3":"status-publish","4":"format-standard","5":"has-post-thumbnail","7":"category-destacado","8":"category-internacionales","9":"tag-bebe","10":"tag-guardia-costera","11":"tag-trinidad-y-tobago"},"_links":{"self":[{"href":"https:\/\/elluchador.info\/index.php?rest_route=\/wp\/v2\/posts\/206523","targetHints":{"allow":["GET"]}}],"collection":[{"href":"https:\/\/elluchador.info\/index.php?rest_route=\/wp\/v2\/posts"}],"about":[{"href":"https:\/\/elluchador.info\/index.php?rest_route=\/wp\/v2\/types\/post"}],"author":[{"embeddable":true,"href":"https:\/\/elluchador.info\/index.php?rest_route=\/wp\/v2\/users\/2"}],"replies":[{"embeddable":true,"href":"https:\/\/elluchador.info\/index.php?rest_route=%2Fwp%2Fv2%2Fcomments&post=206523"}],"version-history":[{"count":1,"href":"https:\/\/elluchador.info\/index.php?rest_route=\/wp\/v2\/posts\/206523\/revisions"}],"predecessor-version":[{"id":206525,"href":"https:\/\/elluchador.info\/index.php?rest_route=\/wp\/v2\/posts\/206523\/revisions\/206525"}],"wp:featuredmedia":[{"embeddable":true,"href":"https:\/\/elluchador.info\/index.php?rest_route=\/wp\/v2\/media\/206524"}],"wp:attachment":[{"href":"https:\/\/elluchador.info\/index.php?rest_route=%2Fwp%2Fv2%2Fmedia&parent=206523"}],"wp:term":[{"taxonomy":"category","embeddable":true,"href":"https:\/\/elluchador.info\/index.php?rest_route=%2Fwp%2Fv2%2Fcategories&post=206523"},{"taxonomy":"post_tag","embeddable":true,"href":"https:\/\/elluchador.info\/index.php?rest_route=%2Fwp%2Fv2%2Ftags&post=206523"}],"curies":[{"name":"wp","href":"https:\/\/api.w.org\/{rel}","templated":true}]}}