{"id":206533,"date":"2022-02-11T18:36:58","date_gmt":"2022-02-11T22:36:58","guid":{"rendered":"https:\/\/elluchador.info\/web\/?p=206533"},"modified":"2022-02-11T18:36:58","modified_gmt":"2022-02-11T22:36:58","slug":"mini-ferry-de-la-guaira-reactiva-viajes-a-los-roques","status":"publish","type":"post","link":"https:\/\/elluchador.info\/?p=206533","title":{"rendered":"Mini ferry de La Guaira reactiva viajes a Los Roques"},"content":{"rendered":"<p>Los viajes a Los Roques en el mini ferry Playa Medina, que sale todos los viernes desde el puerto de La Guaira a las 8:00 am con retorno los lunes al mediod\u00eda, fueron reactivados, as\u00ed lo dio a conocer el\u00a0 personal de Capitan\u00eda de Puertos.<\/p>\n<p>El precio del pasaje para turistas es de 60 d\u00f3lares y se deben dar los datos de la posada donde se hospedar\u00e1 en el archipi\u00e9lago para adquirir el boleto.<\/p>\n<p>Cabe destacar que los roque\u00f1os pagan medio pasaje, solo deben \u201ctener su carta autorizada por la autoridad respectiva de Los Roques\u201d.<\/p>\n<p id=\"viaja-en-carnaval-para-la-temporada-de-carnavalaun-no-tienen-previsto-aumentarlos-viajes-ni-los-precios-ll-jd\">Para la temporada de Carnaval a\u00fan no tienen previsto aumentar los viajes ni los precios, se\u00f1al\u00f3 La\u00a0<strong>Verdad de Vargas<\/strong>.<\/p>\n<p>Banca y Negocios<\/p>\n","protected":false},"excerpt":{"rendered":"<p>Los viajes a Los Roques en el mini ferry Playa Medina, que sale todos los viernes desde el puerto de La Guaira a las 8:00 am con retorno los lunes al mediod\u00eda, fueron reactivados, as\u00ed lo dio a conocer el\u00a0 personal de Capitan\u00eda de Puertos. El precio del pasaje para turistas es de 60 d\u00f3lares [&hellip;]<\/p>\n","protected":false},"author":2,"featured_media":206534,"comment_status":"closed","ping_status":"closed","sticky":false,"template":"","format":"standard","meta":{"footnotes":""},"categories":[5,6],"tags":[661,659,660],"class_list":{"0":"post-206533","1":"post","2":"type-post","3":"status-publish","4":"format-standard","5":"has-post-thumbnail","7":"category-destacado","8":"category-economia","9":"tag-archipielago","10":"tag-los-roques","11":"tag-mini-ferry"},"_links":{"self":[{"href":"https:\/\/elluchador.info\/index.php?rest_route=\/wp\/v2\/posts\/206533","targetHints":{"allow":["GET"]}}],"collection":[{"href":"https:\/\/elluchador.info\/index.php?rest_route=\/wp\/v2\/posts"}],"about":[{"href":"https:\/\/elluchador.info\/index.php?rest_route=\/wp\/v2\/types\/post"}],"author":[{"embeddable":true,"href":"https:\/\/elluchador.info\/index.php?rest_route=\/wp\/v2\/users\/2"}],"replies":[{"embeddable":true,"href":"https:\/\/elluchador.info\/index.php?rest_route=%2Fwp%2Fv2%2Fcomments&post=206533"}],"version-history":[{"count":1,"href":"https:\/\/elluchador.info\/index.php?rest_route=\/wp\/v2\/posts\/206533\/revisions"}],"predecessor-version":[{"id":206535,"href":"https:\/\/elluchador.info\/index.php?rest_route=\/wp\/v2\/posts\/206533\/revisions\/206535"}],"wp:featuredmedia":[{"embeddable":true,"href":"https:\/\/elluchador.info\/index.php?rest_route=\/wp\/v2\/media\/206534"}],"wp:attachment":[{"href":"https:\/\/elluchador.info\/index.php?rest_route=%2Fwp%2Fv2%2Fmedia&parent=206533"}],"wp:term":[{"taxonomy":"category","embeddable":true,"href":"https:\/\/elluchador.info\/index.php?rest_route=%2Fwp%2Fv2%2Fcategories&post=206533"},{"taxonomy":"post_tag","embeddable":true,"href":"https:\/\/elluchador.info\/index.php?rest_route=%2Fwp%2Fv2%2Ftags&post=206533"}],"curies":[{"name":"wp","href":"https:\/\/api.w.org\/{rel}","templated":true}]}}