{"id":206557,"date":"2022-02-13T21:31:02","date_gmt":"2022-02-14T01:31:02","guid":{"rendered":"https:\/\/elluchador.info\/web\/?p=206557"},"modified":"2022-02-13T21:31:02","modified_gmt":"2022-02-14T01:31:02","slug":"mujer-vida-y-futuro-afianza-la-proteccion-y-cuidado-de-las-madres-en-bolivar","status":"publish","type":"post","link":"https:\/\/elluchador.info\/?p=206557","title":{"rendered":"\u201cMujer, Vida y Futuro\u201d afianza la protecci\u00f3n y cuidado de las madres en Bol\u00edvar"},"content":{"rendered":"<p><span style=\"font-weight: 400;\">En un esfuerzo conjunto impulsado por el gobernador del estado Bol\u00edvar \u00c1ngel Marcano, a trav\u00e9s de la Fundaci\u00f3n Social Bol\u00edvar (FSB) liderada por la primera combatiente, Yajaira Arocha, se instal\u00f3 de forma permanente el programa social \u201cMujer, Vida y Futuro\u201d, en los Centros de Diagn\u00f3stico Integral (CDI) de las parroquias Vista al Sol y 11 de Abril, del municipio Caron\u00ed, contabilizando m\u00e1s de 3000 atenciones a j\u00f3venes, mujeres embarazadas y madres.<\/span><\/p>\n<p><span style=\"font-weight: 400;\">La acci\u00f3n desplegada por un equipo multidisciplinario de la FSB e integrado por m\u00e9dicos, enfermeras, trabajadores sociales y l\u00edderes de calle, inici\u00f3 en el CDI La Victoria, en una primera cruzada que permiti\u00f3 brindar consultas m\u00e9dicas en ginecolog\u00eda, obstetricia, vacunaci\u00f3n, ecosonogramas, realizaci\u00f3n de citolog\u00edas, colocaci\u00f3n de dispositivos intrauterinos y otros m\u00e9todos anticonceptivos, planificaci\u00f3n familiar, as\u00ed como charlas de prevenci\u00f3n y orientaci\u00f3n, a m\u00e1s de 600 mujeres.<\/span><\/p>\n<p><span style=\"font-weight: 400;\">\u201cMujer, Vida y Futuro\u201d, en su primera etapa realiz\u00f3 300 esterilizaciones quir\u00fargicas en alianza con la Maternidad Negra Hip\u00f3lita e instituciones de salud privadas y la participaci\u00f3n de especialistas que se encargaron de hacer el seguimiento y control pre y postoperatorio a las pacientes. Este trabajo se cumpli\u00f3 tras la planificaci\u00f3n conjunta encabezada por la presidenta de la FSB y los l\u00edderes de calle de las diferentes parroquias para la captaci\u00f3n inicial de las solicitantes.\u00a0<\/span><\/p>\n<p><span style=\"font-weight: 400;\">Arocha explic\u00f3 que detectaron en las comunidades la necesidad de atenci\u00f3n especialmente a las mujeres embarazadas, que en la mayor\u00eda de los casos no llevan un control durante la gestaci\u00f3n. En este orden, realizaron una planificaci\u00f3n exhaustiva que permitiera ofrecer asistencia m\u00e9dica integral en los sectores m\u00e1s vulnerables, extensivo a toda la regi\u00f3n.<\/span><\/p>\n<p><span style=\"font-weight: 400;\">Tambi\u00e9n inform\u00f3 sobre la activaci\u00f3n permanente del programa en el CDI Bella Vista y de forma progresiva se estar\u00e1 instalando en otros centros de salud para apoyar a las familias. \u201cEsta gesti\u00f3n tiene como objetivo principal, fortalecer el sistema de salud p\u00fablica, generando las condiciones \u00f3ptimas para el cuidado de las mujeres durante todo el proceso pre y postnatal garantizando salud y vida para ellas y sus beb\u00e9s\u201d indic\u00f3.<\/span><\/p>\n<p><span style=\"font-weight: 400;\">Detall\u00f3 las labores para la recuperaci\u00f3n de los centros asistenciales a trav\u00e9s de la limpieza, mantenimiento y dotaci\u00f3n de insumos, ha permitido mostrar un avance importante que se ve reflejado en una mejor atenci\u00f3n al pueblo.<\/span><\/p>\n<p><b>Responsabilidad y compromiso<\/b><\/p>\n<p><span style=\"font-weight: 400;\">\u00c1ngel Marcano, se\u00f1al\u00f3 la importancia de estar presente en las comunidades con la realizaci\u00f3n de jornadas integrales que contribuyan a mejorar la calidad de vida de las familias. \u201cTrabajar por garantizar la salud y bienestar de todos y todas es la prioridad de esta gesti\u00f3n, y estamos cumpliendo lo encomendado por el presidente Nicol\u00e1s Maduro, generando todas las condiciones necesarias para dar la mejor atenci\u00f3n m\u00e9dica al pueblo\u201d.<\/span><\/p>\n<p><span style=\"font-weight: 400;\">En este mismo orden, Marlys Marcano, coordinadora del programa destac\u00f3 la labor previa que les permiti\u00f3 detectar las necesidades en cada comunidad visitada por la Ruta Integral de Salud, promovida por el gobernador. \u201cDurante ese contacto con las familias\u00a0 hicimos los primeros diagn\u00f3sticos que nos indicaron que las mujeres embarazadas no ten\u00edan controles m\u00e9dicos y de all\u00ed derivaron las complicaciones de salud posteriores. Asimismo, encontramos casos importantes de adolescentes entre 12 y 14 a\u00f1os con embarazos de alto riesgo y sin ning\u00fan tipo de cuidado\u201d, destac\u00f3.<\/span><\/p>\n<p><span style=\"font-weight: 400;\">Inform\u00f3 que tras la valoraci\u00f3n y ajustes, se reactiv\u00f3 un plan de trabajo coordinado por la primera dama del estado Bol\u00edvar, que permiti\u00f3 la instalaci\u00f3n permanente del programa para asistir a las j\u00f3venes, mujeres embarazadas y madres en todo el proceso de gestaci\u00f3n y parto, as\u00ed como la promoci\u00f3n de charlas por parte de especialistas para orientar a las familias sobre educaci\u00f3n sexual, prevenci\u00f3n y tratamiento.<\/span><\/p>\n<p><span style=\"font-weight: 400;\">\u201cTenemos una poblaci\u00f3n joven activa sexualmente que desconoce sobre m\u00e9todos anticonceptivos\u00a0 que conlleva a la proliferaci\u00f3n de enfermedades de transmisi\u00f3n sexual, embarazos no deseados, no controlados y de alto riesgo y complicaciones para los reci\u00e9n nacidos. Por ello estamos haciendo el trabajo de forma integral para que la planificaci\u00f3n familiar se asuma como un estilo de vida que ayude a minimizar los riesgos durante el pre y postnatal\u201d explic\u00f3.<\/span><\/p>\n<p><span style=\"font-weight: 400;\">Tambi\u00e9n detall\u00f3 que el principio y fin de la ejecuci\u00f3n de las jornadas es hacer gesti\u00f3n social caracterizada por el trato humano y cercano con las familias m\u00e1s vulnerables para apoyarlas con atenci\u00f3n m\u00e9dica y dar respuestas oportunas. \u201cEs nuestro compromiso y responsabilidad, velar por la salud del pueblo de Bol\u00edvar, y seguiremos enfocados en aumentar los niveles de atenci\u00f3n, la prevenci\u00f3n y el acompa\u00f1amiento m\u00e9dico y social a las mujeres embarazadas\u201d finaliz\u00f3.<\/span><\/p>\n<p>&nbsp;<\/p>\n","protected":false},"excerpt":{"rendered":"<p>En un esfuerzo conjunto impulsado por el gobernador del estado Bol\u00edvar \u00c1ngel Marcano, a trav\u00e9s de la Fundaci\u00f3n Social Bol\u00edvar (FSB) liderada por la primera combatiente, Yajaira Arocha, se instal\u00f3 de forma permanente el programa social \u201cMujer, Vida y Futuro\u201d, en los Centros de Diagn\u00f3stico Integral (CDI) de las parroquias Vista al Sol y 11 [&hellip;]<\/p>\n","protected":false},"author":2,"featured_media":206558,"comment_status":"closed","ping_status":"closed","sticky":false,"template":"","format":"standard","meta":{"footnotes":""},"categories":[5,12],"tags":[],"class_list":{"0":"post-206557","1":"post","2":"type-post","3":"status-publish","4":"format-standard","5":"has-post-thumbnail","7":"category-destacado","8":"category-regionales"},"_links":{"self":[{"href":"https:\/\/elluchador.info\/index.php?rest_route=\/wp\/v2\/posts\/206557","targetHints":{"allow":["GET"]}}],"collection":[{"href":"https:\/\/elluchador.info\/index.php?rest_route=\/wp\/v2\/posts"}],"about":[{"href":"https:\/\/elluchador.info\/index.php?rest_route=\/wp\/v2\/types\/post"}],"author":[{"embeddable":true,"href":"https:\/\/elluchador.info\/index.php?rest_route=\/wp\/v2\/users\/2"}],"replies":[{"embeddable":true,"href":"https:\/\/elluchador.info\/index.php?rest_route=%2Fwp%2Fv2%2Fcomments&post=206557"}],"version-history":[{"count":1,"href":"https:\/\/elluchador.info\/index.php?rest_route=\/wp\/v2\/posts\/206557\/revisions"}],"predecessor-version":[{"id":206559,"href":"https:\/\/elluchador.info\/index.php?rest_route=\/wp\/v2\/posts\/206557\/revisions\/206559"}],"wp:featuredmedia":[{"embeddable":true,"href":"https:\/\/elluchador.info\/index.php?rest_route=\/wp\/v2\/media\/206558"}],"wp:attachment":[{"href":"https:\/\/elluchador.info\/index.php?rest_route=%2Fwp%2Fv2%2Fmedia&parent=206557"}],"wp:term":[{"taxonomy":"category","embeddable":true,"href":"https:\/\/elluchador.info\/index.php?rest_route=%2Fwp%2Fv2%2Fcategories&post=206557"},{"taxonomy":"post_tag","embeddable":true,"href":"https:\/\/elluchador.info\/index.php?rest_route=%2Fwp%2Fv2%2Ftags&post=206557"}],"curies":[{"name":"wp","href":"https:\/\/api.w.org\/{rel}","templated":true}]}}