{"id":206562,"date":"2022-02-13T21:41:16","date_gmt":"2022-02-14T01:41:16","guid":{"rendered":"https:\/\/elluchador.info\/web\/?p=206562"},"modified":"2022-02-13T21:41:16","modified_gmt":"2022-02-14T01:41:16","slug":"jornada-integral-de-limpieza-en-los-bloques-de-la-paragua","status":"publish","type":"post","link":"https:\/\/elluchador.info\/?p=206562","title":{"rendered":"Jornada integral de limpieza en los bloques de La Paragua"},"content":{"rendered":"<p><span style=\"font-weight: 400;\">En aras de seguir trabajando en la optimizaci\u00f3n de los espacios y de esta manera seguir brindando espacios para el bienestar del pueblo, la gesti\u00f3n transformadora del alcalde Sergio Hern\u00e1ndez ha mantenido el plan de erradicaci\u00f3n de vertederos espont\u00e1neos en varios puntos de Ciudad Bol\u00edvar.<\/span><\/p>\n<p><span style=\"font-weight: 400;\">El director de Servicios Generales Municipales, Eleazar Torres destac\u00f3 que de la mano con la RAAS de los bloques de La Paragua unieron esfuerzos para eliminar el basurero improvisado en una de las \u00e1reas, que podr\u00eda ser utilizada en un futuro para el esparcimiento y actividades recreativas de los ni\u00f1os.<\/span><\/p>\n<p><span style=\"font-weight: 400;\">Torres dijo que continuando con los lineamientos del l\u00edder municipal de la mano con el gobernador \u00c1ngel Marcano y las pol\u00edticas del presidente Nicol\u00e1s Madura en materia de cuidado del medio ambiente se llev\u00f3 esta jornada de limpieza integral.<\/span><\/p>\n<p><span style=\"font-weight: 400;\">\u201cEs importante que la gente comprenda que no es solo venir a limpiar, sino que todos deben poner de su parte para cuidar este espacio y ser fiscalizadores que no lo vuelvan agarrar personas inescrupulosas como botadero de basura, si todos ponemos de nuestra parte seguiremos impulsando las pol\u00edticas ambientales para llevar la mayor suma de felicidad al pueblo\u201d, agreg\u00f3 Torres.<\/span><\/p>\n<p><span style=\"font-weight: 400;\">Por su parte, Magie Zanoja miembro de la comunidad coment\u00f3 que el equipo se sum\u00f3 a esta acci\u00f3n ambientalista para seguir cuidando los espacios y de esta manera ser garantes que las personas no lo vuelvan a ensuciar el lugar.<\/span><\/p>\n<p><span style=\"font-weight: 400;\">Asimismo el concejal \u00c1ngel Flores, resalt\u00f3 que es importante que todos tomemos conciencia en materia de mantener los espacios, ya que solos no podemos, es un trabajo en equipo y por el bien de la comunidad; as\u00ed podemos eliminar los vertederos.<\/span><\/p>\n<p><span style=\"font-weight: 400;\">Flores agradeci\u00f3 al equipo de la municipalidad; as\u00ed como del poder popular, quienes se sumaron a recolectar los desechos, desmalezar y limpiar el \u00e1rea; el cual es el epicentro para las actividades recreativas de la zona.<\/span><\/p>\n<p><img loading=\"lazy\" decoding=\"async\" class=\"alignnone size-medium wp-image-206564\" src=\"https:\/\/elluchador.info\/web\/wp-content\/uploads\/2022\/02\/04-300x200.jpg\" alt=\"\" width=\"300\" height=\"200\" srcset=\"https:\/\/elluchador.info\/wp-content\/uploads\/2022\/02\/04-300x200.jpg 300w, https:\/\/elluchador.info\/wp-content\/uploads\/2022\/02\/04-1024x683.jpg 1024w, https:\/\/elluchador.info\/wp-content\/uploads\/2022\/02\/04-768x512.jpg 768w, https:\/\/elluchador.info\/wp-content\/uploads\/2022\/02\/04-630x420.jpg 630w, https:\/\/elluchador.info\/wp-content\/uploads\/2022\/02\/04-537x360.jpg 537w, https:\/\/elluchador.info\/wp-content\/uploads\/2022\/02\/04-640x427.jpg 640w, https:\/\/elluchador.info\/wp-content\/uploads\/2022\/02\/04-681x454.jpg 681w, https:\/\/elluchador.info\/wp-content\/uploads\/2022\/02\/04.jpg 1080w\" sizes=\"auto, (max-width: 300px) 100vw, 300px\" \/><\/p>\n<p><b>Contin\u00faan en la Col\u00f3n<\/b><\/p>\n<p><span style=\"font-weight: 400;\">De esta manera el director integral afirm\u00f3 que ya se han eliminado tres vertederos improvisados en la calle Col\u00f3n de La Sabanita, dando as\u00ed respuesta a la comunidad; quienes hab\u00edan solicitado los trabajos de mantenimiento.<\/span><\/p>\n<p><span style=\"font-weight: 400;\">All\u00ed se coordin\u00f3 con las UBCH, l\u00edderes de calle y jefes de comunidad el cuido de estos espacios para que no los vuelvan a tomar como sitio para depositar la basura.<\/span><\/p>\n<p><span style=\"font-weight: 400;\">Culmin\u00f3 diciendo que estas acciones se seguir\u00e1n emprendiendo en todos los sectores de Ciudad Bol\u00edvar.<\/span><\/p>\n<p><img loading=\"lazy\" decoding=\"async\" class=\"alignnone size-medium wp-image-206565\" src=\"https:\/\/elluchador.info\/web\/wp-content\/uploads\/2022\/02\/06-300x169.jpg\" alt=\"\" width=\"300\" height=\"169\" srcset=\"https:\/\/elluchador.info\/wp-content\/uploads\/2022\/02\/06-300x169.jpg 300w, https:\/\/elluchador.info\/wp-content\/uploads\/2022\/02\/06-1024x576.jpg 1024w, https:\/\/elluchador.info\/wp-content\/uploads\/2022\/02\/06-768x432.jpg 768w, https:\/\/elluchador.info\/wp-content\/uploads\/2022\/02\/06-747x420.jpg 747w, https:\/\/elluchador.info\/wp-content\/uploads\/2022\/02\/06-640x360.jpg 640w, https:\/\/elluchador.info\/wp-content\/uploads\/2022\/02\/06-681x383.jpg 681w, https:\/\/elluchador.info\/wp-content\/uploads\/2022\/02\/06-1021x580.jpg 1021w, https:\/\/elluchador.info\/wp-content\/uploads\/2022\/02\/06.jpg 1080w\" sizes=\"auto, (max-width: 300px) 100vw, 300px\" \/><\/p>\n<p><b>Prensa Alcald\u00eda A\/O<\/b><\/p>\n","protected":false},"excerpt":{"rendered":"<p>En aras de seguir trabajando en la optimizaci\u00f3n de los espacios y de esta manera seguir brindando espacios para el bienestar del pueblo, la gesti\u00f3n transformadora del alcalde Sergio Hern\u00e1ndez ha mantenido el plan de erradicaci\u00f3n de vertederos espont\u00e1neos en varios puntos de Ciudad Bol\u00edvar. El director de Servicios Generales Municipales, Eleazar Torres destac\u00f3 que [&hellip;]<\/p>\n","protected":false},"author":2,"featured_media":206563,"comment_status":"closed","ping_status":"closed","sticky":false,"template":"","format":"standard","meta":{"footnotes":""},"categories":[5,20],"tags":[],"class_list":{"0":"post-206562","1":"post","2":"type-post","3":"status-publish","4":"format-standard","5":"has-post-thumbnail","7":"category-destacado","8":"category-municipal"},"_links":{"self":[{"href":"https:\/\/elluchador.info\/index.php?rest_route=\/wp\/v2\/posts\/206562","targetHints":{"allow":["GET"]}}],"collection":[{"href":"https:\/\/elluchador.info\/index.php?rest_route=\/wp\/v2\/posts"}],"about":[{"href":"https:\/\/elluchador.info\/index.php?rest_route=\/wp\/v2\/types\/post"}],"author":[{"embeddable":true,"href":"https:\/\/elluchador.info\/index.php?rest_route=\/wp\/v2\/users\/2"}],"replies":[{"embeddable":true,"href":"https:\/\/elluchador.info\/index.php?rest_route=%2Fwp%2Fv2%2Fcomments&post=206562"}],"version-history":[{"count":1,"href":"https:\/\/elluchador.info\/index.php?rest_route=\/wp\/v2\/posts\/206562\/revisions"}],"predecessor-version":[{"id":206566,"href":"https:\/\/elluchador.info\/index.php?rest_route=\/wp\/v2\/posts\/206562\/revisions\/206566"}],"wp:featuredmedia":[{"embeddable":true,"href":"https:\/\/elluchador.info\/index.php?rest_route=\/wp\/v2\/media\/206563"}],"wp:attachment":[{"href":"https:\/\/elluchador.info\/index.php?rest_route=%2Fwp%2Fv2%2Fmedia&parent=206562"}],"wp:term":[{"taxonomy":"category","embeddable":true,"href":"https:\/\/elluchador.info\/index.php?rest_route=%2Fwp%2Fv2%2Fcategories&post=206562"},{"taxonomy":"post_tag","embeddable":true,"href":"https:\/\/elluchador.info\/index.php?rest_route=%2Fwp%2Fv2%2Ftags&post=206562"}],"curies":[{"name":"wp","href":"https:\/\/api.w.org\/{rel}","templated":true}]}}