{"id":206572,"date":"2022-02-13T21:59:17","date_gmt":"2022-02-14T01:59:17","guid":{"rendered":"https:\/\/elluchador.info\/web\/?p=206572"},"modified":"2022-02-13T21:59:17","modified_gmt":"2022-02-14T01:59:17","slug":"conoces-la-verdadera-historia-de-valentin-y-por-que-se-celebra-el-dia-de-los-enamorados-en-su-honor","status":"publish","type":"post","link":"https:\/\/elluchador.info\/?p=206572","title":{"rendered":"\u00bfConoces la verdadera historia de Valent\u00edn y por qu\u00e9 se celebra el dia de los enamorados en su honor??"},"content":{"rendered":"<p class=\"voc-paragraph\">Un alarde de fantas\u00eda para algunos, un invento comercial para otros.<\/p>\n<p class=\"voc-paragraph\">As\u00ed es la celebraci\u00f3n del d\u00eda de San Valent\u00edn cada 14 de febrero. Aunque es la fecha en la que oficialmente se festeja estar enamorado, esta efem\u00e9ride no fue precisamente rom\u00e1ntica en sus or\u00edgenes.<\/p>\n<p class=\"voc-paragraph\">Valent\u00edn fue un m\u00e9dico romano que se convirti\u00f3 en sacerdote y lleg\u00f3 a ser muy popular en la \u00e9poca de Claudio II.<\/p>\n<p class=\"voc-paragraph\">Para es entonces un emperador decidi\u00f3 prohibir la celebraci\u00f3n de matrimonios para los j\u00f3venes, ya que consideraba que los hombres que no ten\u00edan familia eran mejores soldados al no tener tantas ataduras.<\/p>\n<p class=\"voc-paragraph\">Pero Valent\u00edn ve\u00eda que este decreto era injusto y desafi\u00f3 al emperador, celebrando en secreto matrimonios para parejas que estaban enamoradas.<\/p>\n<p class=\"voc-paragraph\">Su acci\u00f3n lleg\u00f3 a o\u00eddos de Claudio II y, como Valent\u00edn gozaba de un gran prestigio en Roma, el emperador lo llam\u00f3 a palacio.<\/p>\n<p class=\"voc-paragraph\">Entonces el sacerdote aprovech\u00f3 el momento para hacer proselitismo del cristianismo.<\/p>\n<p class=\"voc-paragraph\">Seg\u00fan trascendi\u00f3, Claudio II mostr\u00f3 inter\u00e9s por lo que le contaban, pero el ej\u00e9rcito y el gobernador de Roma, llamado Calpurnio, le persuadieron para eliminar esas ideas de su cabeza.<\/p>\n<p class=\"voc-paragraph\">De hecho, ante las presiones recibidas, el emperador dio orden de que encarcelasen a Valent\u00edn. El oficial Asterius, encargado de encarcelarle, quiso poner a Valent\u00edn en evidencia y ridiculizarlo, por lo que le ret\u00f3 a que devolviese la vista a una hija suya, llamada Julia, que naci\u00f3 ciega.<\/p>\n<p class=\"voc-paragraph\">Dicen que Valent\u00edn acept\u00f3 dicho reto y que incre\u00edblemente consigui\u00f3 que la joven volviera a ver.<\/p>\n<p class=\"voc-paragraph\">Como es l\u00f3gico, este milagro conmovi\u00f3 Asterius y su familia, que se convirtieron al cristianismo. Pese a su proeza, Valent\u00edn sigui\u00f3 preso y el emperador Claudio finalmente orden\u00f3 que lo martirizaran y ejecutaran el 14 de febrero del a\u00f1o 270, por lo que se le considera uno de los tres m\u00e1rtires ejecutados en tiempos del Imperio Romano.<\/p>\n<div class=\"voc-detail__cmp\">\n<div class=\"voc-article-container\">\n<article class=\"voc-article voc-article--cmp-related voc-article--photo-left voc-article--photo-left--right-xs voc-home-tit-st\">\n<div class=\"voc-img-container \">\n<p class=\"voc-paragraph\">Tras la muerte de Valent\u00edn, Julia, en un gesto de agradecimiento con \u00e9l, plant\u00f3 un almendro de flores rosadas junto a su tumba. De ah\u00ed que se considere al almendro como un s\u00edmbolo de amor y amistad duraderos.<\/p>\n<p class=\"voc-paragraph\">Despu\u00e9s de que el papa Gelasio I designar\u00e1 el 14 de febrero de 494 el primer d\u00eda oficial de San Valent\u00edn, la festividad fue incluida en el calendario lit\u00fargico tradicional y fue celebrada por la Iglesia cat\u00f3lica en los siguientes 15 siglos.<\/p>\n<p class=\"voc-paragraph\">Sin embargo, en 1969, bajo el pontificado de Pablo IV y despu\u00e9s del Concilio Vaticano II, San Valent\u00edn fue eliminado del calendario. Pero esta festividad ya estaba m\u00e1s que arraigada y as\u00ed contin\u00faa, por lo que de manera internacional se sigue considerando el 14 de febrero el d\u00eda de San Valent\u00edn.<\/p>\n<p>Con la informaci\u00f3n de Sur<\/p>\n<\/div>\n<\/article>\n<\/div>\n<\/div>\n<div class=\"voc-detail__cmp voc-detail__cmp--title voc-detail__cmp--no-margin\"><\/div>\n","protected":false},"excerpt":{"rendered":"<p>Un alarde de fantas\u00eda para algunos, un invento comercial para otros. As\u00ed es la celebraci\u00f3n del d\u00eda de San Valent\u00edn cada 14 de febrero. Aunque es la fecha en la que oficialmente se festeja estar enamorado, esta efem\u00e9ride no fue precisamente rom\u00e1ntica en sus or\u00edgenes. Valent\u00edn fue un m\u00e9dico romano que se convirti\u00f3 en sacerdote [&hellip;]<\/p>\n","protected":false},"author":2,"featured_media":0,"comment_status":"closed","ping_status":"closed","sticky":false,"template":"","format":"standard","meta":{"footnotes":""},"categories":[5,24,335],"tags":[680,679],"class_list":{"0":"post-206572","1":"post","2":"type-post","3":"status-publish","4":"format-standard","6":"category-destacado","7":"category-efemerides","8":"category-tradiciones","9":"tag-dia-de-los-enamorados","10":"tag-enamorados"},"_links":{"self":[{"href":"https:\/\/elluchador.info\/index.php?rest_route=\/wp\/v2\/posts\/206572","targetHints":{"allow":["GET"]}}],"collection":[{"href":"https:\/\/elluchador.info\/index.php?rest_route=\/wp\/v2\/posts"}],"about":[{"href":"https:\/\/elluchador.info\/index.php?rest_route=\/wp\/v2\/types\/post"}],"author":[{"embeddable":true,"href":"https:\/\/elluchador.info\/index.php?rest_route=\/wp\/v2\/users\/2"}],"replies":[{"embeddable":true,"href":"https:\/\/elluchador.info\/index.php?rest_route=%2Fwp%2Fv2%2Fcomments&post=206572"}],"version-history":[{"count":1,"href":"https:\/\/elluchador.info\/index.php?rest_route=\/wp\/v2\/posts\/206572\/revisions"}],"predecessor-version":[{"id":206573,"href":"https:\/\/elluchador.info\/index.php?rest_route=\/wp\/v2\/posts\/206572\/revisions\/206573"}],"wp:attachment":[{"href":"https:\/\/elluchador.info\/index.php?rest_route=%2Fwp%2Fv2%2Fmedia&parent=206572"}],"wp:term":[{"taxonomy":"category","embeddable":true,"href":"https:\/\/elluchador.info\/index.php?rest_route=%2Fwp%2Fv2%2Fcategories&post=206572"},{"taxonomy":"post_tag","embeddable":true,"href":"https:\/\/elluchador.info\/index.php?rest_route=%2Fwp%2Fv2%2Ftags&post=206572"}],"curies":[{"name":"wp","href":"https:\/\/api.w.org\/{rel}","templated":true}]}}