{"id":206578,"date":"2022-02-14T11:05:49","date_gmt":"2022-02-14T15:05:49","guid":{"rendered":"https:\/\/elluchador.info\/web\/?p=206578"},"modified":"2022-02-14T11:12:11","modified_gmt":"2022-02-14T15:12:11","slug":"venezuela-registra-leve-baja-en-casos-de-covid-19","status":"publish","type":"post","link":"https:\/\/elluchador.info\/?p=206578","title":{"rendered":"Venezuela registra leve baja en casos de covid-19"},"content":{"rendered":"<p>Este domingo la vicepresidenta Ejecutiva de la Rep\u00fablica, Delcy Rodr\u00edguez inform\u00f3 la detecci\u00f3n de 1.221 nuevos casos de covid-19 por transmisi\u00f3n comunitaria y 7 contagios en personas provenientes del exterior.<\/p>\n<p>En mensajes publicados en su cuenta en la red social Twitter, la funcionaria precis\u00f3 que la entidad con mayor incidencia de casos comunitarios es Carabobo con 415.<\/p>\n<p>En torno a los casos importados, indic\u00f3 que son procedentes de Turqu\u00eda, todos con entrada por el aeropuerto internacional Sim\u00f3n Bol\u00edvar de Maiquet\u00eda, La Guaira.<\/p>\n<figure class=\"wp-block-embed\">\n<div class=\"wp-block-embed__wrapper\">\n<blockquote class=\"twitter-tweet\" data-width=\"550\" data-dnt=\"true\">\n<p dir=\"ltr\" lang=\"es\">1\/5 La Comisi\u00f3n Presidencial para la Prevenci\u00f3n, Atenci\u00f3n y Control de la\u00a0<a href=\"https:\/\/twitter.com\/hashtag\/COVID19?src=hash&amp;ref_src=twsrc%5Etfw\">#COVID19<\/a>\u00a0informa que en las \u00faltimas horas 1.228 nuevos contagios se detectaron en Venezuela (1.221 por transmisi\u00f3n comunitaria y 7 importados).\u00a0<a href=\"https:\/\/t.co\/CDjqP2lIPv\">pic.twitter.com\/CDjqP2lIPv<\/a><\/p>\n<p>\u2014 Delcy Rodr\u00edguez (@delcyrodriguezv)\u00a0<a href=\"https:\/\/twitter.com\/delcyrodriguezv\/status\/1493081572865712129?ref_src=twsrc%5Etfw\">February 14, 2022<\/a><\/p><\/blockquote>\n<\/div>\n<\/figure>\n<p>Lament\u00f3 el fallecimiento de 11 personas como consecuencia de las complicaciones provocadas por este virus trat\u00e1ndose de 5 hombres de 88, 82, 74, 52 y 35 a\u00f1os de Caracas; 2 hombres de 89 y 68 a\u00f1os y 1 mujer de 66 a\u00f1os de Sucre; 1 hombre de 55 a\u00f1os de Lara; 1 mujer de 61 a\u00f1os de Yaracuy y 1 mujer de 40 a\u00f1os de Zulia.<\/p>\n<p>Con este balance en el pa\u00eds se contabilizan desde la llegada de la pandemia 505.947 casos confirmados, de los cuales 486.500 se han recuperado para un 96%, han fallecido 5.549 y se mantienen activos 13.898.<\/p>\n<figure class=\"wp-block-embed\">\n<div class=\"wp-block-embed__wrapper\">\n<blockquote class=\"twitter-tweet\" data-width=\"550\" data-dnt=\"true\">\n<p dir=\"ltr\" lang=\"es\">4\/5 Estas son las estad\u00edsticas generales del Coronavirus en Venezuela:<\/p>\n<p>\u2013 Total de contagios: 505.947<br \/>\n\u2013 Pacientes recuperados: 486.500 (96%)<br \/>\n\u2013 Casos activos actuales: 13.898<br \/>\n\u2013 Total de fallecidos: 5.549\u00a0<a href=\"https:\/\/t.co\/nwAfgk7IIR\">pic.twitter.com\/nwAfgk7IIR<\/a><\/p>\n<p>\u2014 Delcy Rodr\u00edguez (@delcyrodriguezv)\u00a0<a href=\"https:\/\/twitter.com\/delcyrodriguezv\/status\/1493081820249956354?ref_src=twsrc%5Etfw\">February 14, 2022<\/a><\/p><\/blockquote>\n<\/div>\n<\/figure>\n","protected":false},"excerpt":{"rendered":"<p>Este domingo la vicepresidenta Ejecutiva de la Rep\u00fablica, Delcy Rodr\u00edguez inform\u00f3 la detecci\u00f3n de 1.221 nuevos casos de covid-19 por transmisi\u00f3n comunitaria y 7 contagios en personas provenientes del exterior. En mensajes publicados en su cuenta en la red social Twitter, la funcionaria precis\u00f3 que la entidad con mayor incidencia de casos comunitarios es Carabobo [&hellip;]<\/p>\n","protected":false},"author":2,"featured_media":206579,"comment_status":"closed","ping_status":"closed","sticky":false,"template":"","format":"standard","meta":{"footnotes":""},"categories":[5,9],"tags":[],"class_list":{"0":"post-206578","1":"post","2":"type-post","3":"status-publish","4":"format-standard","5":"has-post-thumbnail","7":"category-destacado","8":"category-nacionales"},"_links":{"self":[{"href":"https:\/\/elluchador.info\/index.php?rest_route=\/wp\/v2\/posts\/206578","targetHints":{"allow":["GET"]}}],"collection":[{"href":"https:\/\/elluchador.info\/index.php?rest_route=\/wp\/v2\/posts"}],"about":[{"href":"https:\/\/elluchador.info\/index.php?rest_route=\/wp\/v2\/types\/post"}],"author":[{"embeddable":true,"href":"https:\/\/elluchador.info\/index.php?rest_route=\/wp\/v2\/users\/2"}],"replies":[{"embeddable":true,"href":"https:\/\/elluchador.info\/index.php?rest_route=%2Fwp%2Fv2%2Fcomments&post=206578"}],"version-history":[{"count":2,"href":"https:\/\/elluchador.info\/index.php?rest_route=\/wp\/v2\/posts\/206578\/revisions"}],"predecessor-version":[{"id":206581,"href":"https:\/\/elluchador.info\/index.php?rest_route=\/wp\/v2\/posts\/206578\/revisions\/206581"}],"wp:featuredmedia":[{"embeddable":true,"href":"https:\/\/elluchador.info\/index.php?rest_route=\/wp\/v2\/media\/206579"}],"wp:attachment":[{"href":"https:\/\/elluchador.info\/index.php?rest_route=%2Fwp%2Fv2%2Fmedia&parent=206578"}],"wp:term":[{"taxonomy":"category","embeddable":true,"href":"https:\/\/elluchador.info\/index.php?rest_route=%2Fwp%2Fv2%2Fcategories&post=206578"},{"taxonomy":"post_tag","embeddable":true,"href":"https:\/\/elluchador.info\/index.php?rest_route=%2Fwp%2Fv2%2Ftags&post=206578"}],"curies":[{"name":"wp","href":"https:\/\/api.w.org\/{rel}","templated":true}]}}