{"id":206594,"date":"2022-02-14T12:37:07","date_gmt":"2022-02-14T16:37:07","guid":{"rendered":"https:\/\/elluchador.info\/web\/?p=206594"},"modified":"2022-02-14T12:37:07","modified_gmt":"2022-02-14T16:37:07","slug":"modulo-de-brisas-del-sur-necesita-mas-atencion-gubernamental","status":"publish","type":"post","link":"https:\/\/elluchador.info\/?p=206594","title":{"rendered":"M\u00f3dulo de Brisas del Sur necesita m\u00e1s atenci\u00f3n gubernamental"},"content":{"rendered":"<p>*** El centro de salud popular est\u00e1 ubicado en la calle principal del sector Brisas del Sur. Est\u00e1 con maleza y al frente hay un vertedero de basura.<\/p>\n<p>En recorrido por los sectores de la ciudad, nos percatamos con la situaci\u00f3n<br \/>\ndecadente que tiene el m\u00f3dulo asistencial que est\u00e1 ubicado en el sector de Brisas del Sur. Este centro de salud popular est\u00e1 lleno de maleza, y al frente hay un vertedero de basura, del lado de un terreno bald\u00edo.<\/p>\n<figure id=\"attachment_206597\" aria-describedby=\"caption-attachment-206597\" style=\"width: 2560px\" class=\"wp-caption alignnone\"><img loading=\"lazy\" decoding=\"async\" class=\"size-full wp-image-206597\" src=\"https:\/\/elluchador.info\/web\/wp-content\/uploads\/2022\/02\/4.-El-centro-de-atencion-medica-esta-lleno-de-maleza-scaled.jpg\" alt=\"\" width=\"2560\" height=\"1443\" srcset=\"https:\/\/elluchador.info\/wp-content\/uploads\/2022\/02\/4.-El-centro-de-atencion-medica-esta-lleno-de-maleza-scaled.jpg 2560w, https:\/\/elluchador.info\/wp-content\/uploads\/2022\/02\/4.-El-centro-de-atencion-medica-esta-lleno-de-maleza-300x169.jpg 300w, https:\/\/elluchador.info\/wp-content\/uploads\/2022\/02\/4.-El-centro-de-atencion-medica-esta-lleno-de-maleza-1024x577.jpg 1024w, https:\/\/elluchador.info\/wp-content\/uploads\/2022\/02\/4.-El-centro-de-atencion-medica-esta-lleno-de-maleza-768x433.jpg 768w, https:\/\/elluchador.info\/wp-content\/uploads\/2022\/02\/4.-El-centro-de-atencion-medica-esta-lleno-de-maleza-1536x866.jpg 1536w, https:\/\/elluchador.info\/wp-content\/uploads\/2022\/02\/4.-El-centro-de-atencion-medica-esta-lleno-de-maleza-2048x1155.jpg 2048w, https:\/\/elluchador.info\/wp-content\/uploads\/2022\/02\/4.-El-centro-de-atencion-medica-esta-lleno-de-maleza-745x420.jpg 745w, https:\/\/elluchador.info\/wp-content\/uploads\/2022\/02\/4.-El-centro-de-atencion-medica-esta-lleno-de-maleza-640x361.jpg 640w, https:\/\/elluchador.info\/wp-content\/uploads\/2022\/02\/4.-El-centro-de-atencion-medica-esta-lleno-de-maleza-681x384.jpg 681w\" sizes=\"auto, (max-width: 2560px) 100vw, 2560px\" \/><figcaption id=\"caption-attachment-206597\" class=\"wp-caption-text\">El centro m\u00e9dico est\u00e1 rodeado de maleza<\/figcaption><\/figure>\n<p>Raquel Sarai Flames Le\u00f3n declar\u00f3 que \u00abEl m\u00f3dulo est\u00e1 trabajando con las u\u00f1as, adem\u00e1s de las condiciones de descuido que se observa, recientemente les robaron el tanque para almacenamiento del agua y tambi\u00e9n los aires acondicionados, y como centro m\u00e9dico de la comunidad es lo \u00fanico que tenemos cerca, ahora no tienen agua y tambi\u00e9n necesitamos\u00a0 que trabaje las 24 horas del d\u00eda, porque ahora trabaja hasta las 12 del mediod\u00eda. Cuando hay una emergencia hay que volar para los Aceiticos, el seguro o el hospital, porque los trabajadores de este m\u00f3dulo alegan que las condiciones de aqu\u00ed no est\u00e1 apto para poder atender alguna problem\u00e1tica de salud de relevancia\u00bb.<\/p>\n<figure id=\"attachment_206596\" aria-describedby=\"caption-attachment-206596\" style=\"width: 1443px\" class=\"wp-caption alignnone\"><img loading=\"lazy\" decoding=\"async\" class=\"size-full wp-image-206596\" src=\"https:\/\/elluchador.info\/web\/wp-content\/uploads\/2022\/02\/2-Raquel-Sarai-Flames-Queremos-que-funcione-las-24-horas-del-dia-y-tenga-mas-seguridad-scaled.jpg\" alt=\"\" width=\"1443\" height=\"2560\" srcset=\"https:\/\/elluchador.info\/wp-content\/uploads\/2022\/02\/2-Raquel-Sarai-Flames-Queremos-que-funcione-las-24-horas-del-dia-y-tenga-mas-seguridad-scaled.jpg 1443w, https:\/\/elluchador.info\/wp-content\/uploads\/2022\/02\/2-Raquel-Sarai-Flames-Queremos-que-funcione-las-24-horas-del-dia-y-tenga-mas-seguridad-169x300.jpg 169w, https:\/\/elluchador.info\/wp-content\/uploads\/2022\/02\/2-Raquel-Sarai-Flames-Queremos-que-funcione-las-24-horas-del-dia-y-tenga-mas-seguridad-577x1024.jpg 577w, https:\/\/elluchador.info\/wp-content\/uploads\/2022\/02\/2-Raquel-Sarai-Flames-Queremos-que-funcione-las-24-horas-del-dia-y-tenga-mas-seguridad-768x1362.jpg 768w, https:\/\/elluchador.info\/wp-content\/uploads\/2022\/02\/2-Raquel-Sarai-Flames-Queremos-que-funcione-las-24-horas-del-dia-y-tenga-mas-seguridad-866x1536.jpg 866w, https:\/\/elluchador.info\/wp-content\/uploads\/2022\/02\/2-Raquel-Sarai-Flames-Queremos-que-funcione-las-24-horas-del-dia-y-tenga-mas-seguridad-1155x2048.jpg 1155w, https:\/\/elluchador.info\/wp-content\/uploads\/2022\/02\/2-Raquel-Sarai-Flames-Queremos-que-funcione-las-24-horas-del-dia-y-tenga-mas-seguridad-237x420.jpg 237w, https:\/\/elluchador.info\/wp-content\/uploads\/2022\/02\/2-Raquel-Sarai-Flames-Queremos-que-funcione-las-24-horas-del-dia-y-tenga-mas-seguridad-640x1135.jpg 640w, https:\/\/elluchador.info\/wp-content\/uploads\/2022\/02\/2-Raquel-Sarai-Flames-Queremos-que-funcione-las-24-horas-del-dia-y-tenga-mas-seguridad-681x1208.jpg 681w\" sizes=\"auto, (max-width: 1443px) 100vw, 1443px\" \/><figcaption id=\"caption-attachment-206596\" class=\"wp-caption-text\">Raquel Sarai Flames: \u00abQueremos que el centro m\u00e9dico funcione las 24 horas del d\u00eda y tenga m\u00e1s seguridad\u00bb.<\/figcaption><\/figure>\n<p>\u00abTambi\u00e9n se requiere m\u00e1s seguridad policial, Tengo a mis nietos con v\u00f3mito y diarrea y a la una de la tarde ya tenemos que llevarlos a otra parte, porque aqu\u00ed ya no est\u00e1n atendiendo. En el corto horario que trabajan cuando tienen medicamentos s\u00ed le entregan a la comunidad, pero queremos que el horario sea m\u00e1s amplio para atender a la comunidad. Otro problema, ese terreno que est\u00e1 frente al m\u00f3dulo donde lanzan basura, all\u00ed eso de noche es oscuro, han violado a personas all\u00ed, y en el lugar lanzan cualquier tipo desperdicio\u00bb refiri\u00f3 la se\u00f1ora Raquel.<\/p>\n<p>Por su parte, Anneris Hurtado quien tambi\u00e9n es habitante del sector coment\u00f3: \u00abEn el caso de la atenci\u00f3n m\u00e9dica, te voy hablar como experiencia propia, tengo una semana asistiendo al m\u00f3dulo porque supuestamente la ni\u00f1a tiene un ataque de par\u00e1sito. El lunes pasado fui y no hab\u00eda doctor, el martes tampoco hab\u00eda doctor y el mi\u00e9rcoles vino un m\u00e9dico que no atendi\u00f3 a pacientes; entonces tu me dir\u00e1s, porque que con la situaci\u00f3n pa\u00eds, la mayor\u00eda no tenemos para pagar una cl\u00ednica, y resulta y pasa que acudes al m\u00f3dulo m\u00e1s cercano, y no te atienden, uno por la cuarenta, otro porque no hay m\u00e9dico.<\/p>\n<p>Las autoridades competentes deben abocarse, a las comunidades hay que<br \/>\ndarles apoyo, no que limpien esto solo cuando visite el alcalde, porque para<br \/>\nconseguir votos s\u00ed vienen y hay besos y abrazo, despu\u00e9s se pierden. La atenci\u00f3n a la gente debe ser siempre&amp;quot;, exclam\u00f3 la residente del barrio Brisas del Sur perteneciente a la parroquia Jos\u00e9 Antonio P\u00e1ez.<\/p>\n<p><strong>Yanitza Mart\u00ednez. CNP 19.403<\/strong><br \/>\n<strong>Fotos: Jos\u00e9 L. Magallanes. CRGV 1.835<\/strong><\/p>\n","protected":false},"excerpt":{"rendered":"<p>*** El centro de salud popular est\u00e1 ubicado en la calle principal del sector Brisas del Sur. Est\u00e1 con maleza y al frente hay un vertedero de basura. En recorrido por los sectores de la ciudad, nos percatamos con la situaci\u00f3n decadente que tiene el m\u00f3dulo asistencial que est\u00e1 ubicado en el sector de Brisas [&hellip;]<\/p>\n","protected":false},"author":2,"featured_media":206595,"comment_status":"closed","ping_status":"closed","sticky":false,"template":"","format":"standard","meta":{"footnotes":""},"categories":[5,12],"tags":[],"class_list":{"0":"post-206594","1":"post","2":"type-post","3":"status-publish","4":"format-standard","5":"has-post-thumbnail","7":"category-destacado","8":"category-regionales"},"_links":{"self":[{"href":"https:\/\/elluchador.info\/index.php?rest_route=\/wp\/v2\/posts\/206594","targetHints":{"allow":["GET"]}}],"collection":[{"href":"https:\/\/elluchador.info\/index.php?rest_route=\/wp\/v2\/posts"}],"about":[{"href":"https:\/\/elluchador.info\/index.php?rest_route=\/wp\/v2\/types\/post"}],"author":[{"embeddable":true,"href":"https:\/\/elluchador.info\/index.php?rest_route=\/wp\/v2\/users\/2"}],"replies":[{"embeddable":true,"href":"https:\/\/elluchador.info\/index.php?rest_route=%2Fwp%2Fv2%2Fcomments&post=206594"}],"version-history":[{"count":1,"href":"https:\/\/elluchador.info\/index.php?rest_route=\/wp\/v2\/posts\/206594\/revisions"}],"predecessor-version":[{"id":206598,"href":"https:\/\/elluchador.info\/index.php?rest_route=\/wp\/v2\/posts\/206594\/revisions\/206598"}],"wp:featuredmedia":[{"embeddable":true,"href":"https:\/\/elluchador.info\/index.php?rest_route=\/wp\/v2\/media\/206595"}],"wp:attachment":[{"href":"https:\/\/elluchador.info\/index.php?rest_route=%2Fwp%2Fv2%2Fmedia&parent=206594"}],"wp:term":[{"taxonomy":"category","embeddable":true,"href":"https:\/\/elluchador.info\/index.php?rest_route=%2Fwp%2Fv2%2Fcategories&post=206594"},{"taxonomy":"post_tag","embeddable":true,"href":"https:\/\/elluchador.info\/index.php?rest_route=%2Fwp%2Fv2%2Ftags&post=206594"}],"curies":[{"name":"wp","href":"https:\/\/api.w.org\/{rel}","templated":true}]}}