{"id":206716,"date":"2022-02-15T21:52:48","date_gmt":"2022-02-16T01:52:48","guid":{"rendered":"https:\/\/elluchador.info\/web\/?p=206716"},"modified":"2022-02-15T21:52:48","modified_gmt":"2022-02-16T01:52:48","slug":"la-oms-advierte-aumentos-de-casos-de-covid-19-en-el-este-de-europa","status":"publish","type":"post","link":"https:\/\/elluchador.info\/?p=206716","title":{"rendered":"La OMS advierte aumentos de casos de COVID-19 en el este de Europa"},"content":{"rendered":"<p>El jefe de OMS Europa tambi\u00e9n destac\u00f3 su \u201cmensaje de esperanza\u201d y se\u00f1al\u00f3 a los altos niveles de inmunidad alcanzados con vacunas o personas recuperadas de infecciones, y al inminente final de la temporada invernal que hace que mucha gente se re\u00fana en espacios cerrados, donde el virus puede expandirse con m\u00e1s facilidad.<\/p>\n<p>La regi\u00f3n de 53 pa\u00edses, que se extiende hasta las rep\u00fablicas exsovi\u00e9ticas y Asia Central, ha contabilizado m\u00e1s de 165 millones de casos confirmados de coronavirus y 1,8 millones de muertes asociadas a la pandemia, incluidas 25.000 s\u00f3lo en la \u00faltima semana, indic\u00f3 el doctor Hans Kluge.<\/p>\n<p>Las autoridades de salud siguen de cerca las crecientes tasas de contagios de\u00a0<strong>COVID-19<\/strong>\u00a0en el este de\u00a0<strong>Europa<\/strong>, donde los casos se han multiplicado en las \u00faltimas dos semanas, seg\u00fan inform\u00f3 este martes el responsable de la\u00a0<strong>Organizaci\u00f3n Mundial de la Salud<\/strong>\u00a0en el continente.<\/p>\n<p>\u201cHoy, nuestra atenci\u00f3n se centra al este de la regi\u00f3n europea de la OMS\u201d, dijo Kluge en ruso en una conferencia de prensa, en la que apunt\u00f3 a un brote de la contagiosa variante \u00f3micron. \u201cEn las \u00faltimas dos semanas, los casos de COVID-19 se han multiplicado m\u00e1s que por dos en seis pa\u00edses en esta parte de la regi\u00f3n (Armenia, Azerbaiy\u00e1n, Bielorrusia, Georgia, la Federaci\u00f3n de Rusia y Ucrania)\u201d.<\/p>\n<p>\u201cComo se esperaba, la ola de \u00f3micron avanza hacia el este: 10 estados miembros orientales han detectado ya esta variante\u201d, dijo.<\/p>\n<p>Sin embargo, \u00f3micron es menos grave que variantes anteriores y los sistemas de salud no se ven sobrepasados en la mayor\u00eda de los pa\u00edses.<\/p>\n<p>Kluge intent\u00f3 recalcar la importancia de aumentar la tasas de vacunaci\u00f3n, m\u00e1s bajas en Europa Oriental que en el resto de la regi\u00f3n. Menos del 40% de las personas mayores de 60 en Bosnia, Bulgaria, Kirguist\u00e1n, Ucrania y Uzbekist\u00e1n han completado su vacunaci\u00f3n contra el COVID-19, se\u00f1al\u00f3.<\/p>\n<p>Pidi\u00f3 a gobiernos y autoridades de salud \u201cque estudien de cerca los motivos locales que influyen en una demanda y aceptaci\u00f3n menor de las vacunas y dise\u00f1en intervenciones a medida para aumentar con urgencia las tasas de vacunaci\u00f3n, basadas en los datos espec\u00edficos de su entorno\u201d. Tambi\u00e9n dijo que \u201cno es el momento de levantar medidas que sabemos que funcionan para reducir la propagaci\u00f3n del COVID-19\u201d.<\/p>\n<p>El Impulso<\/p>\n","protected":false},"excerpt":{"rendered":"<p>El jefe de OMS Europa tambi\u00e9n destac\u00f3 su \u201cmensaje de esperanza\u201d y se\u00f1al\u00f3 a los altos niveles de inmunidad alcanzados con vacunas o personas recuperadas de infecciones, y al inminente final de la temporada invernal que hace que mucha gente se re\u00fana en espacios cerrados, donde el virus puede expandirse con m\u00e1s facilidad. La regi\u00f3n [&hellip;]<\/p>\n","protected":false},"author":2,"featured_media":191042,"comment_status":"closed","ping_status":"closed","sticky":false,"template":"","format":"standard","meta":{"footnotes":""},"categories":[5,19],"tags":[281,504,277],"class_list":{"0":"post-206716","1":"post","2":"type-post","3":"status-publish","4":"format-standard","5":"has-post-thumbnail","7":"category-destacado","8":"category-salud","9":"tag-covid-19","10":"tag-europa","11":"tag-oms"},"_links":{"self":[{"href":"https:\/\/elluchador.info\/index.php?rest_route=\/wp\/v2\/posts\/206716","targetHints":{"allow":["GET"]}}],"collection":[{"href":"https:\/\/elluchador.info\/index.php?rest_route=\/wp\/v2\/posts"}],"about":[{"href":"https:\/\/elluchador.info\/index.php?rest_route=\/wp\/v2\/types\/post"}],"author":[{"embeddable":true,"href":"https:\/\/elluchador.info\/index.php?rest_route=\/wp\/v2\/users\/2"}],"replies":[{"embeddable":true,"href":"https:\/\/elluchador.info\/index.php?rest_route=%2Fwp%2Fv2%2Fcomments&post=206716"}],"version-history":[{"count":1,"href":"https:\/\/elluchador.info\/index.php?rest_route=\/wp\/v2\/posts\/206716\/revisions"}],"predecessor-version":[{"id":206717,"href":"https:\/\/elluchador.info\/index.php?rest_route=\/wp\/v2\/posts\/206716\/revisions\/206717"}],"wp:featuredmedia":[{"embeddable":true,"href":"https:\/\/elluchador.info\/index.php?rest_route=\/wp\/v2\/media\/191042"}],"wp:attachment":[{"href":"https:\/\/elluchador.info\/index.php?rest_route=%2Fwp%2Fv2%2Fmedia&parent=206716"}],"wp:term":[{"taxonomy":"category","embeddable":true,"href":"https:\/\/elluchador.info\/index.php?rest_route=%2Fwp%2Fv2%2Fcategories&post=206716"},{"taxonomy":"post_tag","embeddable":true,"href":"https:\/\/elluchador.info\/index.php?rest_route=%2Fwp%2Fv2%2Ftags&post=206716"}],"curies":[{"name":"wp","href":"https:\/\/api.w.org\/{rel}","templated":true}]}}