{"id":206718,"date":"2022-02-15T22:03:11","date_gmt":"2022-02-16T02:03:11","guid":{"rendered":"https:\/\/elluchador.info\/web\/?p=206718"},"modified":"2022-02-15T22:03:11","modified_gmt":"2022-02-16T02:03:11","slug":"consejo-permanente-de-la-oea-abordara-tema-sobre-migracion-venezolana","status":"publish","type":"post","link":"https:\/\/elluchador.info\/?p=206718","title":{"rendered":"Consejo Permanente de la OEA abordar\u00e1 tema sobre migraci\u00f3n venezolana"},"content":{"rendered":"<p><strong>El encuentro se realizar\u00e1 a partir de las 3:30 Pm<\/strong><\/p>\n<p>Este mi\u00e9rcoles el Consejo Permanente de la Organizaci\u00f3n de Estados Americanos (OEA), dialogar\u00e1 sobre la migraci\u00f3n venezolana y su repercusi\u00f3n en el hemisferio.<\/p>\n<p>Mediante una publicaci\u00f3n realizada en su cuenta de Twitter, el organismo inform\u00f3 que entre los temas a tratar estar\u00e1 el\u00a0avance de Colombia en la implementaci\u00f3n del Estatuto Temporal de Protecci\u00f3n para Migrantes Venezolanos.<\/p>\n<p>El evento contar\u00e1 con las intervenciones de \u00a0la vicepresidenta y ministra de Relaciones Exteriores de Colombia, Marta Luc\u00eda Ram\u00edrez; el director de Migraci\u00f3n Colombia, Juan Francisco Espinosa; el jefe de la Oficina para la Atenci\u00f3n e Integraci\u00f3n Socioecon\u00f3mica de la Poblaci\u00f3n Migrante de la Oficina de la Presidencia de Colombia, Lucas G\u00f3mez.<\/p>\n<p>Uni\u00f3n Radio<\/p>\n","protected":false},"excerpt":{"rendered":"<p>El encuentro se realizar\u00e1 a partir de las 3:30 Pm Este mi\u00e9rcoles el Consejo Permanente de la Organizaci\u00f3n de Estados Americanos (OEA), dialogar\u00e1 sobre la migraci\u00f3n venezolana y su repercusi\u00f3n en el hemisferio. Mediante una publicaci\u00f3n realizada en su cuenta de Twitter, el organismo inform\u00f3 que entre los temas a tratar estar\u00e1 el\u00a0avance de Colombia [&hellip;]<\/p>\n","protected":false},"author":2,"featured_media":206719,"comment_status":"closed","ping_status":"closed","sticky":false,"template":"","format":"standard","meta":{"footnotes":""},"categories":[5,9],"tags":[],"class_list":{"0":"post-206718","1":"post","2":"type-post","3":"status-publish","4":"format-standard","5":"has-post-thumbnail","7":"category-destacado","8":"category-nacionales"},"_links":{"self":[{"href":"https:\/\/elluchador.info\/index.php?rest_route=\/wp\/v2\/posts\/206718","targetHints":{"allow":["GET"]}}],"collection":[{"href":"https:\/\/elluchador.info\/index.php?rest_route=\/wp\/v2\/posts"}],"about":[{"href":"https:\/\/elluchador.info\/index.php?rest_route=\/wp\/v2\/types\/post"}],"author":[{"embeddable":true,"href":"https:\/\/elluchador.info\/index.php?rest_route=\/wp\/v2\/users\/2"}],"replies":[{"embeddable":true,"href":"https:\/\/elluchador.info\/index.php?rest_route=%2Fwp%2Fv2%2Fcomments&post=206718"}],"version-history":[{"count":1,"href":"https:\/\/elluchador.info\/index.php?rest_route=\/wp\/v2\/posts\/206718\/revisions"}],"predecessor-version":[{"id":206720,"href":"https:\/\/elluchador.info\/index.php?rest_route=\/wp\/v2\/posts\/206718\/revisions\/206720"}],"wp:featuredmedia":[{"embeddable":true,"href":"https:\/\/elluchador.info\/index.php?rest_route=\/wp\/v2\/media\/206719"}],"wp:attachment":[{"href":"https:\/\/elluchador.info\/index.php?rest_route=%2Fwp%2Fv2%2Fmedia&parent=206718"}],"wp:term":[{"taxonomy":"category","embeddable":true,"href":"https:\/\/elluchador.info\/index.php?rest_route=%2Fwp%2Fv2%2Fcategories&post=206718"},{"taxonomy":"post_tag","embeddable":true,"href":"https:\/\/elluchador.info\/index.php?rest_route=%2Fwp%2Fv2%2Ftags&post=206718"}],"curies":[{"name":"wp","href":"https:\/\/api.w.org\/{rel}","templated":true}]}}