{"id":206784,"date":"2022-02-17T09:13:51","date_gmt":"2022-02-17T13:13:51","guid":{"rendered":"https:\/\/elluchador.info\/web\/?p=206784"},"modified":"2022-02-17T09:13:51","modified_gmt":"2022-02-17T13:13:51","slug":"relajacion-de-medidas-de-salud-publica-causa-el-aumento-de-muertes-por-covid-19-en-america-advierte-ops","status":"publish","type":"post","link":"https:\/\/elluchador.info\/?p=206784","title":{"rendered":"Relajaci\u00f3n de medidas de salud p\u00fablica causa el aumento de muertes por COVID-19 en Am\u00e9rica, advierte OPS"},"content":{"rendered":"<p>La complacencia en torno al uso de mascarillas, los viajes y las reuniones en lugares cerrados crearon una oportunidad perfecta para que la variante \u00f3micron de la COVID-19 se propagara r\u00e1pidamente por toda la regi\u00f3n y aumentara las muertes, advirti\u00f3 hoy mi\u00e9rcoles la directora de la Organizaci\u00f3n Panamericana de la Salud (OPS), Carissa F. Etienne.<\/p>\n<p>\u00abLas medidas reducidas de salud p\u00fablica fueron insuficientes para reducir la escala de esta ola. Y ahora nos enfrentamos a las consecuencias: un aumento de las infecciones que est\u00e1 provocando un incremento de las muertes\u00bb, afirm\u00f3 la funcionaria en un comunicado del organismo continental.<\/p>\n<p>La OPS dijo que aunque siguen siendo muy elevadas, las infecciones por COVID-19 se redujeron un 31 por ciento en comparaci\u00f3n con la semana anterior, mientras las muertes siguieron aumentando un 5,6 por ciento.<\/p>\n<p>Sostuvo adem\u00e1s que \u00abla COVID-19 es una enfermedad prevenible, pero ahora mismo estamos perdiendo demasiadas vidas. Cuando lleg\u00f3 \u00f3micron, no utilizamos todas las herramientas disponibles para frenar la propagaci\u00f3n y prevenir las infecciones\u00bb.<\/p>\n<p>La OPS precis\u00f3 que m\u00e1s de la mitad de las muertes en la \u00faltima oleada se produjeron en personas mayores de 65 a\u00f1os, pero muchas otras fueron entre quienes a\u00fan no hab\u00edan recibido la vacuna contra COVID-19.<\/p>\n<p>Etienne subray\u00f3 que la variante \u00f3micron \u00abha demostrado que las vacunas que tenemos a mano pueden proteger a la mayor\u00eda de nosotros de la enfermedad grave y la muerte\u00bb, e inst\u00f3 a vacunar en particular a los grupos de alto riesgo.<\/p>\n<p>La OPS detall\u00f3 que los pa\u00edses de las Am\u00e9ricas notificaron 3,3 millones de casos nuevos y m\u00e1s de 34.000 muertes relacionadas con la COVID-19 en la \u00faltima semana, y puntualiz\u00f3 que, en Am\u00e9rica del Norte, Estados Unidos registr\u00f3 17.000 muertes, el n\u00famero mayor de esa subregi\u00f3n.<\/p>\n<p>Los pa\u00edses de Centroam\u00e9rica y del Caribe informaron un aumento de las muertes por COVID-19, as\u00ed como un incremento de las hospitalizaciones, que alcanz\u00f3 el 19 por ciento en algunos pa\u00edses y territorios del Caribe oriental.<\/p>\n<p>En Am\u00e9rica del Sur, las muertes por COVID-19 en Brasil alcanzaron las cifras m\u00e1s altas hasta el momento, estableciendo un r\u00e9cord para esta ola.<\/p>\n<p><strong>Xinhua<\/strong><\/p>\n","protected":false},"excerpt":{"rendered":"<p>La complacencia en torno al uso de mascarillas, los viajes y las reuniones en lugares cerrados crearon una oportunidad perfecta para que la variante \u00f3micron de la COVID-19 se propagara r\u00e1pidamente por toda la regi\u00f3n y aumentara las muertes, advirti\u00f3 hoy mi\u00e9rcoles la directora de la Organizaci\u00f3n Panamericana de la Salud (OPS), Carissa F. Etienne. [&hellip;]<\/p>\n","protected":false},"author":2,"featured_media":190583,"comment_status":"closed","ping_status":"closed","sticky":false,"template":"","format":"standard","meta":{"footnotes":""},"categories":[5,19],"tags":[],"class_list":{"0":"post-206784","1":"post","2":"type-post","3":"status-publish","4":"format-standard","5":"has-post-thumbnail","7":"category-destacado","8":"category-salud"},"_links":{"self":[{"href":"https:\/\/elluchador.info\/index.php?rest_route=\/wp\/v2\/posts\/206784","targetHints":{"allow":["GET"]}}],"collection":[{"href":"https:\/\/elluchador.info\/index.php?rest_route=\/wp\/v2\/posts"}],"about":[{"href":"https:\/\/elluchador.info\/index.php?rest_route=\/wp\/v2\/types\/post"}],"author":[{"embeddable":true,"href":"https:\/\/elluchador.info\/index.php?rest_route=\/wp\/v2\/users\/2"}],"replies":[{"embeddable":true,"href":"https:\/\/elluchador.info\/index.php?rest_route=%2Fwp%2Fv2%2Fcomments&post=206784"}],"version-history":[{"count":1,"href":"https:\/\/elluchador.info\/index.php?rest_route=\/wp\/v2\/posts\/206784\/revisions"}],"predecessor-version":[{"id":206785,"href":"https:\/\/elluchador.info\/index.php?rest_route=\/wp\/v2\/posts\/206784\/revisions\/206785"}],"wp:featuredmedia":[{"embeddable":true,"href":"https:\/\/elluchador.info\/index.php?rest_route=\/wp\/v2\/media\/190583"}],"wp:attachment":[{"href":"https:\/\/elluchador.info\/index.php?rest_route=%2Fwp%2Fv2%2Fmedia&parent=206784"}],"wp:term":[{"taxonomy":"category","embeddable":true,"href":"https:\/\/elluchador.info\/index.php?rest_route=%2Fwp%2Fv2%2Fcategories&post=206784"},{"taxonomy":"post_tag","embeddable":true,"href":"https:\/\/elluchador.info\/index.php?rest_route=%2Fwp%2Fv2%2Ftags&post=206784"}],"curies":[{"name":"wp","href":"https:\/\/api.w.org\/{rel}","templated":true}]}}