{"id":206786,"date":"2022-02-17T09:30:12","date_gmt":"2022-02-17T13:30:12","guid":{"rendered":"https:\/\/elluchador.info\/web\/?p=206786"},"modified":"2022-02-17T09:30:12","modified_gmt":"2022-02-17T13:30:12","slug":"la-onu-denuncio-aumento-de-estigma-racismo-y-xenofobia-contra-migrantes","status":"publish","type":"post","link":"https:\/\/elluchador.info\/?p=206786","title":{"rendered":"La ONU denunci\u00f3 aumento de estigma, racismo y xenofobia contra migrantes"},"content":{"rendered":"<p>Ant\u00f3nio Guterres, secretario general de la ONU, denunci\u00f3 este mi\u00e9rcoles, en un discurso ante la Asamblea General de Naciones Unidas, el creciente estigma, racismo y xenofobia que sufren muchos migrantes a pesar de que en varias oportunidades a estos les ha tocado poner su vida en riesgo para ayudar a otros durante la pandemia.<\/p>\n<p>Asimismo, en dicho discurso, hizo un balance de la implementaci\u00f3n del Pacto Mundial para la Migraci\u00f3n, acuerdo que sellaron en 2018 la mayor\u00eda de pa\u00edses del mundo para tratar de mejorar la situaci\u00f3n de los migrantes.<\/p>\n<p>En este sentido, insisti\u00f3 que resulta imperativo que todas estas medidas se conviertan en la norma, no en una excepci\u00f3n. Adem\u00e1s, agreg\u00f3 que algunos Gobiernos ya han avanzado en la protecci\u00f3n de los derechos humanos de este colectivo.<\/p>\n<p>Por otra parte, Guterres indic\u00f3 que se deben tomar medidas contra los traficantes que mueven a migrantes por canales irregulares y afirm\u00f3 que la \u00fanica forma de lograr que esta situaci\u00f3n termine es estableciendo m\u00e1s v\u00edas para la migraci\u00f3n legal.<\/p>\n<p>Adem\u00e1s, mencion\u00f3 que es una prioridad el acabar con la p\u00e9rdida de vidas en las rutas migratorias , ya que en los \u00faltimos siete a\u00f1os m\u00e1s de 50.000 personas han fallecido.<\/p>\n<p>\u201cSus muertes son una fuente de verg\u00fcenza colectiva y prevenir la p\u00e9rdida de vidas, incluyendo rescates en el mar, es un imperativo humanitario y una obligaci\u00f3n moral y legal\u201d, detall\u00f3.<\/p>\n<p><strong>Con informaci\u00f3n de Alberto News<\/strong><\/p>\n","protected":false},"excerpt":{"rendered":"<p>Ant\u00f3nio Guterres, secretario general de la ONU, denunci\u00f3 este mi\u00e9rcoles, en un discurso ante la Asamblea General de Naciones Unidas, el creciente estigma, racismo y xenofobia que sufren muchos migrantes a pesar de que en varias oportunidades a estos les ha tocado poner su vida en riesgo para ayudar a otros durante la pandemia. Asimismo, [&hellip;]<\/p>\n","protected":false},"author":2,"featured_media":163073,"comment_status":"closed","ping_status":"closed","sticky":false,"template":"","format":"standard","meta":{"footnotes":""},"categories":[8],"tags":[],"class_list":{"0":"post-206786","1":"post","2":"type-post","3":"status-publish","4":"format-standard","5":"has-post-thumbnail","7":"category-internacionales"},"_links":{"self":[{"href":"https:\/\/elluchador.info\/index.php?rest_route=\/wp\/v2\/posts\/206786","targetHints":{"allow":["GET"]}}],"collection":[{"href":"https:\/\/elluchador.info\/index.php?rest_route=\/wp\/v2\/posts"}],"about":[{"href":"https:\/\/elluchador.info\/index.php?rest_route=\/wp\/v2\/types\/post"}],"author":[{"embeddable":true,"href":"https:\/\/elluchador.info\/index.php?rest_route=\/wp\/v2\/users\/2"}],"replies":[{"embeddable":true,"href":"https:\/\/elluchador.info\/index.php?rest_route=%2Fwp%2Fv2%2Fcomments&post=206786"}],"version-history":[{"count":1,"href":"https:\/\/elluchador.info\/index.php?rest_route=\/wp\/v2\/posts\/206786\/revisions"}],"predecessor-version":[{"id":206787,"href":"https:\/\/elluchador.info\/index.php?rest_route=\/wp\/v2\/posts\/206786\/revisions\/206787"}],"wp:featuredmedia":[{"embeddable":true,"href":"https:\/\/elluchador.info\/index.php?rest_route=\/wp\/v2\/media\/163073"}],"wp:attachment":[{"href":"https:\/\/elluchador.info\/index.php?rest_route=%2Fwp%2Fv2%2Fmedia&parent=206786"}],"wp:term":[{"taxonomy":"category","embeddable":true,"href":"https:\/\/elluchador.info\/index.php?rest_route=%2Fwp%2Fv2%2Fcategories&post=206786"},{"taxonomy":"post_tag","embeddable":true,"href":"https:\/\/elluchador.info\/index.php?rest_route=%2Fwp%2Fv2%2Ftags&post=206786"}],"curies":[{"name":"wp","href":"https:\/\/api.w.org\/{rel}","templated":true}]}}