{"id":206806,"date":"2022-02-17T16:59:22","date_gmt":"2022-02-17T20:59:22","guid":{"rendered":"https:\/\/elluchador.info\/web\/?p=206806"},"modified":"2022-02-17T16:59:22","modified_gmt":"2022-02-17T20:59:22","slug":"peru-y-ecuador-abriran-fronteras-este-viernes-18-de-febrero","status":"publish","type":"post","link":"https:\/\/elluchador.info\/?p=206806","title":{"rendered":"Per\u00fa y Ecuador abrir\u00e1n fronteras este viernes 18 de febrero"},"content":{"rendered":"<p>\u00abSon buenas noticias para el pa\u00eds. Seguimos reabriendo nuestras fronteras, seguimos reactivando nuestras econom\u00edas, seguimos reactivando el turismo\u00bb, coment\u00f3 en una rueda de prensa junto a otras autoridades reunidas en el Comit\u00e9 de Operaciones de Emergencia (COE) Nacional.<\/p>\n<p>Ecuador y Per\u00fa han acordado reabrir su frontera terrestre, una vez que los indicadores de contagios de covid-19 han bajado y que se han logrado avances en el proceso de vacunaci\u00f3n, inform\u00f3 este jueves el canciller, Juan Carlos Holgu\u00edn.<\/p>\n<p>\u00abEn coordinaci\u00f3n con el Gobierno peruano, con la Canciller\u00eda peruana hemos acordado la reapertura de la frontera entre nuestros dos pa\u00edses\u00bb, dijo en una rueda de prensa al anotar que abrir\u00e1n las zonas de Huaquillas y Macar\u00e1 cerradas desde 2020 por la pandemia.<\/p>\n<p>Para ello se han habilitado ya los puestos de migraci\u00f3n y se ha coordinado conjuntamente para aplicar todos los protocolos de bioseguridad para el paso de los ciudadanos.<\/p>\n<p>El titular de la diplomacia ecuatoriana anot\u00f3 que \u00abla reapertura en la frontera sur es completa\u00bb y basada en un trabajo coordinado sobre las medidas biosanitarias.<\/p>\n<p>Asimismo, se\u00f1al\u00f3 que trabajan con el apoyo del Ministerio de Transporte y Obras P\u00fablicas en los centros binacionales de atenci\u00f3n fronteriza.<\/p>\n<p>\u00abEse es el trabajo coordinado a nivel binacional con las autoridades de nuestros pa\u00edses vecinos\u00bb, finaliz\u00f3.<\/p>\n<p>Con la informaci\u00f3n de EFE<\/p>\n","protected":false},"excerpt":{"rendered":"<p>\u00abSon buenas noticias para el pa\u00eds. Seguimos reabriendo nuestras fronteras, seguimos reactivando nuestras econom\u00edas, seguimos reactivando el turismo\u00bb, coment\u00f3 en una rueda de prensa junto a otras autoridades reunidas en el Comit\u00e9 de Operaciones de Emergencia (COE) Nacional. Ecuador y Per\u00fa han acordado reabrir su frontera terrestre, una vez que los indicadores de contagios de [&hellip;]<\/p>\n","protected":false},"author":2,"featured_media":206807,"comment_status":"closed","ping_status":"closed","sticky":false,"template":"","format":"standard","meta":{"footnotes":""},"categories":[5,8],"tags":[281,721,720,534,722],"class_list":{"0":"post-206806","1":"post","2":"type-post","3":"status-publish","4":"format-standard","5":"has-post-thumbnail","7":"category-destacado","8":"category-internacionales","9":"tag-covid-19","10":"tag-ecuador","11":"tag-fronteras","12":"tag-peru","13":"tag-viernes"},"_links":{"self":[{"href":"https:\/\/elluchador.info\/index.php?rest_route=\/wp\/v2\/posts\/206806","targetHints":{"allow":["GET"]}}],"collection":[{"href":"https:\/\/elluchador.info\/index.php?rest_route=\/wp\/v2\/posts"}],"about":[{"href":"https:\/\/elluchador.info\/index.php?rest_route=\/wp\/v2\/types\/post"}],"author":[{"embeddable":true,"href":"https:\/\/elluchador.info\/index.php?rest_route=\/wp\/v2\/users\/2"}],"replies":[{"embeddable":true,"href":"https:\/\/elluchador.info\/index.php?rest_route=%2Fwp%2Fv2%2Fcomments&post=206806"}],"version-history":[{"count":1,"href":"https:\/\/elluchador.info\/index.php?rest_route=\/wp\/v2\/posts\/206806\/revisions"}],"predecessor-version":[{"id":206808,"href":"https:\/\/elluchador.info\/index.php?rest_route=\/wp\/v2\/posts\/206806\/revisions\/206808"}],"wp:featuredmedia":[{"embeddable":true,"href":"https:\/\/elluchador.info\/index.php?rest_route=\/wp\/v2\/media\/206807"}],"wp:attachment":[{"href":"https:\/\/elluchador.info\/index.php?rest_route=%2Fwp%2Fv2%2Fmedia&parent=206806"}],"wp:term":[{"taxonomy":"category","embeddable":true,"href":"https:\/\/elluchador.info\/index.php?rest_route=%2Fwp%2Fv2%2Fcategories&post=206806"},{"taxonomy":"post_tag","embeddable":true,"href":"https:\/\/elluchador.info\/index.php?rest_route=%2Fwp%2Fv2%2Ftags&post=206806"}],"curies":[{"name":"wp","href":"https:\/\/api.w.org\/{rel}","templated":true}]}}