{"id":206819,"date":"2022-02-18T10:54:56","date_gmt":"2022-02-18T14:54:56","guid":{"rendered":"https:\/\/elluchador.info\/web\/?p=206819"},"modified":"2022-02-18T10:54:56","modified_gmt":"2022-02-18T14:54:56","slug":"bebe-de-ocho-meses-que-cayo-desde-el-septimo-piso-de-un-apartamento-resulto-ileso-por-stefanny-pena-febrero-18-2022","status":"publish","type":"post","link":"https:\/\/elluchador.info\/?p=206819","title":{"rendered":"Beb\u00e9 de ocho meses que cay\u00f3 desde el s\u00e9ptimo piso de un apartamento result\u00f3 ileso Por Stefanny Pe\u00f1a  febrero 18, 2022"},"content":{"rendered":"<p>Un beb\u00e9 cay\u00f3 desde el s\u00e9ptimo piso de un departamento, ubicado en la ciudad de Barranquilla (Colombia), pero sali\u00f3 ileso del accidente. El doctor que trat\u00f3 al peque\u00f1o sostuvo que para la magnitud del hecho, \u201cno es nada lo que tiene el ni\u00f1o\u201d.<\/p>\n<p>En di\u00e1logo con Caracol Radio, la madre de Eli\u00e1n, Naily Hern\u00e1ndez, cont\u00f3 que las rejas del balc\u00f3n se aflojaron cuando el menor estaba en ese lugar del departamento, y es por eso que cay\u00f3 al vac\u00edo.<\/p>\n<p>La mujer asegur\u00f3 que pens\u00f3 en lo peor; sin embargo, el beb\u00e9 result\u00f3 sin heridas de gravedad.<\/p>\n<p>\u201cEstamos conmocionados por lo ocurrido, pens\u00e9 en lo peor cuando el ni\u00f1o cay\u00f3. En medio de la desesperaci\u00f3n solo preguntaba si estaba vivo, sent\u00eda que me mor\u00eda, todo fue tan r\u00e1pido, en un abrir y cerrar de ojos\u201d, a\u00f1adi\u00f3 la madre.<\/p>\n<p>Cuando el menor impact\u00f3 contra el suelo, el intendente de la Polic\u00eda de Barranquilla, Fredy Alexander Garc\u00eda, quien vive en el primer piso, auxili\u00f3 al beb\u00e9 y lo llev\u00f3 r\u00e1pidamente a la Cl\u00ednica Reina Catalina.<\/p>\n<p>\u201cMe encontraba almorzando a las 12.40 p. m. (hora local), y con mi esposa sentimos un golpe y el ruido de unas varillas caer. De inmediato me asom\u00e9 al balc\u00f3n y observ\u00e9 las rejas, y cuando giro la cabeza noto que hay un ni\u00f1o inconsciente\u201d, explic\u00f3 el agente.<\/p>\n<p>\u201cDe un momento a otro sent\u00ed el llanto del beb\u00e9 y fue uno de los mejores sonidos que he escuchado, en seguida pens\u00e9 en mis hijos\u201d, agreg\u00f3.<\/p>\n<p>El intendente de la Polic\u00eda local, junto a un jardinero del lugar, al percatarse de la situaci\u00f3n, trasladaron al beb\u00e9 hasta una cl\u00ednica, donde lo revis\u00f3 el m\u00e9dico Jairo Quiroz, quien asever\u00f3 a Caracol el \u00faltimo mi\u00e9rcoles que \u201cel ni\u00f1o est\u00e1 consciente, responde a los est\u00edmulos; presenta un hematoma en el cuero cabelludo y laceraciones en miembro superior e inferior\u201d.<\/p>\n<p>El doctor afirm\u00f3 que el peque\u00f1o permanecer\u00e1 en el nosocomio para que se le puedan realizar estudios. \u201cEs un verdadero milagro que el ni\u00f1o resultara ileso de una ca\u00edda como esa, no nos explicamos c\u00f3mo pas\u00f3, pero, por fortuna, el ni\u00f1o se encuentra bien, se comporta como si nada le hubiera ocurrido\u201d, indic\u00f3.<\/p>\n<p>La madre se\u00f1al\u00f3 que cuando pudo ver a su hijo en el centro de salud, se alegr\u00f3 al ver que el menor la reconoc\u00eda y se comportaba con normalidad. \u201cSolo tiene un chich\u00f3n en su cabeza, es un milagro de Dios\u201d, sostuvo.<\/p>\n<p>Desde hace cuatro a\u00f1os, Hern\u00e1ndez vive en la ciudad de Barranquilla, al norte de Colombia, con el beb\u00e9 y su primer hijo de siete a\u00f1os.<\/p>\n<p><strong>La Rep\u00fablica<\/strong><\/p>\n","protected":false},"excerpt":{"rendered":"<p>Un beb\u00e9 cay\u00f3 desde el s\u00e9ptimo piso de un departamento, ubicado en la ciudad de Barranquilla (Colombia), pero sali\u00f3 ileso del accidente. El doctor que trat\u00f3 al peque\u00f1o sostuvo que para la magnitud del hecho, \u201cno es nada lo que tiene el ni\u00f1o\u201d. En di\u00e1logo con Caracol Radio, la madre de Eli\u00e1n, Naily Hern\u00e1ndez, cont\u00f3 [&hellip;]<\/p>\n","protected":false},"author":2,"featured_media":206820,"comment_status":"closed","ping_status":"closed","sticky":false,"template":"","format":"standard","meta":{"footnotes":""},"categories":[13],"tags":[],"class_list":{"0":"post-206819","1":"post","2":"type-post","3":"status-publish","4":"format-standard","5":"has-post-thumbnail","7":"category-sucesos"},"_links":{"self":[{"href":"https:\/\/elluchador.info\/index.php?rest_route=\/wp\/v2\/posts\/206819","targetHints":{"allow":["GET"]}}],"collection":[{"href":"https:\/\/elluchador.info\/index.php?rest_route=\/wp\/v2\/posts"}],"about":[{"href":"https:\/\/elluchador.info\/index.php?rest_route=\/wp\/v2\/types\/post"}],"author":[{"embeddable":true,"href":"https:\/\/elluchador.info\/index.php?rest_route=\/wp\/v2\/users\/2"}],"replies":[{"embeddable":true,"href":"https:\/\/elluchador.info\/index.php?rest_route=%2Fwp%2Fv2%2Fcomments&post=206819"}],"version-history":[{"count":1,"href":"https:\/\/elluchador.info\/index.php?rest_route=\/wp\/v2\/posts\/206819\/revisions"}],"predecessor-version":[{"id":206821,"href":"https:\/\/elluchador.info\/index.php?rest_route=\/wp\/v2\/posts\/206819\/revisions\/206821"}],"wp:featuredmedia":[{"embeddable":true,"href":"https:\/\/elluchador.info\/index.php?rest_route=\/wp\/v2\/media\/206820"}],"wp:attachment":[{"href":"https:\/\/elluchador.info\/index.php?rest_route=%2Fwp%2Fv2%2Fmedia&parent=206819"}],"wp:term":[{"taxonomy":"category","embeddable":true,"href":"https:\/\/elluchador.info\/index.php?rest_route=%2Fwp%2Fv2%2Fcategories&post=206819"},{"taxonomy":"post_tag","embeddable":true,"href":"https:\/\/elluchador.info\/index.php?rest_route=%2Fwp%2Fv2%2Ftags&post=206819"}],"curies":[{"name":"wp","href":"https:\/\/api.w.org\/{rel}","templated":true}]}}