{"id":206835,"date":"2022-02-18T15:59:28","date_gmt":"2022-02-18T19:59:28","guid":{"rendered":"https:\/\/elluchador.info\/web\/?p=206835"},"modified":"2022-02-18T15:59:28","modified_gmt":"2022-02-18T19:59:28","slug":"mpprijp-ordeno-desintegrar-unidades-de-inteligencia-de-las-policias-estadales-y-municipales","status":"publish","type":"post","link":"https:\/\/elluchador.info\/?p=206835","title":{"rendered":"MPPRIJP orden\u00f3 desintegrar unidades de inteligencia de las polic\u00edas estadales y municipales"},"content":{"rendered":"<p>Trascendi\u00f3 de manera extraoficial que los oficiales ser\u00e1n distribuidos en los distintos Centros de Coordinaciones Policiales para reforzar el patrullaje y el operativo Semana Santa 2022.<\/p>\n<p>El ministro del Interior y Justicia, Almirante en jefe, Remigio Ceballos, ofici\u00f3 a todos los directores de las polic\u00edas en las diferentes regiones del pa\u00eds que a partir de ahora, quedar\u00e1n desintegradas todas las direcciones de inteligencia, adscritas a los cuerpos de polic\u00edas estadales y municipales.<\/p>\n<p>Las instrucciones las recibieron altos cargos de la Polic\u00eda del estado Bol\u00edvar y polic\u00edas municipales de la regi\u00f3n, quienes tendr\u00e1n como responsabilidad reubicar a los funcionarios que estaban asignados a la Direcci\u00f3n de Inteligencia y Estrategia Policial, tambi\u00e9n al Servicio de Investigaci\u00f3n Penal.<\/p>\n<p>Otros oficiales se encargar\u00e1 de la sala de resguardo y evidencias; en tanto que los veh\u00edculos de ambas direcciones pasar\u00e1n a formar partes del parque automotor de patrullajes.<\/p>\n<p>A\u00fan, no se tiene una informaci\u00f3n oficial por parte del Secretario de Seguridad Ciudadana de la gobernaci\u00f3n del estado Bol\u00edvar, sin embargo, se espera que el mismo llame a una rueda de prensa para informar sobre las instrucciones del Ministerio del Interior y Justicia.<\/p>\n<p>Con la Informaci\u00f3n de Nueva Prensa<\/p>\n","protected":false},"excerpt":{"rendered":"<p>Trascendi\u00f3 de manera extraoficial que los oficiales ser\u00e1n distribuidos en los distintos Centros de Coordinaciones Policiales para reforzar el patrullaje y el operativo Semana Santa 2022. El ministro del Interior y Justicia, Almirante en jefe, Remigio Ceballos, ofici\u00f3 a todos los directores de las polic\u00edas en las diferentes regiones del pa\u00eds que a partir de [&hellip;]<\/p>\n","protected":false},"author":2,"featured_media":206836,"comment_status":"closed","ping_status":"closed","sticky":false,"template":"","format":"standard","meta":{"footnotes":""},"categories":[5,13],"tags":[729,728,727,726],"class_list":{"0":"post-206835","1":"post","2":"type-post","3":"status-publish","4":"format-standard","5":"has-post-thumbnail","7":"category-destacado","8":"category-sucesos","9":"tag-desintegrar","10":"tag-estadales","11":"tag-municipales","12":"tag-policias-de-inteligencia"},"_links":{"self":[{"href":"https:\/\/elluchador.info\/index.php?rest_route=\/wp\/v2\/posts\/206835","targetHints":{"allow":["GET"]}}],"collection":[{"href":"https:\/\/elluchador.info\/index.php?rest_route=\/wp\/v2\/posts"}],"about":[{"href":"https:\/\/elluchador.info\/index.php?rest_route=\/wp\/v2\/types\/post"}],"author":[{"embeddable":true,"href":"https:\/\/elluchador.info\/index.php?rest_route=\/wp\/v2\/users\/2"}],"replies":[{"embeddable":true,"href":"https:\/\/elluchador.info\/index.php?rest_route=%2Fwp%2Fv2%2Fcomments&post=206835"}],"version-history":[{"count":1,"href":"https:\/\/elluchador.info\/index.php?rest_route=\/wp\/v2\/posts\/206835\/revisions"}],"predecessor-version":[{"id":206837,"href":"https:\/\/elluchador.info\/index.php?rest_route=\/wp\/v2\/posts\/206835\/revisions\/206837"}],"wp:featuredmedia":[{"embeddable":true,"href":"https:\/\/elluchador.info\/index.php?rest_route=\/wp\/v2\/media\/206836"}],"wp:attachment":[{"href":"https:\/\/elluchador.info\/index.php?rest_route=%2Fwp%2Fv2%2Fmedia&parent=206835"}],"wp:term":[{"taxonomy":"category","embeddable":true,"href":"https:\/\/elluchador.info\/index.php?rest_route=%2Fwp%2Fv2%2Fcategories&post=206835"},{"taxonomy":"post_tag","embeddable":true,"href":"https:\/\/elluchador.info\/index.php?rest_route=%2Fwp%2Fv2%2Ftags&post=206835"}],"curies":[{"name":"wp","href":"https:\/\/api.w.org\/{rel}","templated":true}]}}