{"id":206839,"date":"2022-02-18T16:07:55","date_gmt":"2022-02-18T20:07:55","guid":{"rendered":"https:\/\/elluchador.info\/web\/?p=206839"},"modified":"2022-02-18T16:07:55","modified_gmt":"2022-02-18T20:07:55","slug":"grave-carencia-de-agua-sufren-habitantes-de-las-colinas-de-los-proceres","status":"publish","type":"post","link":"https:\/\/elluchador.info\/?p=206839","title":{"rendered":"Grave carencia de agua sufren habitantes de Las Colinas de Los Pr\u00f3ceres"},"content":{"rendered":"<p>La parroquia Agua Salada se ve bastante afectada con la carencia de agua potable, la comunidad Colinas de Los Pr\u00f3ceres, seg\u00fan sus habitantes tienen m\u00e1s de ocho a\u00f1os sin que llegue agua por tuber\u00edas.<\/p>\n<p>A diario los vecinos recorren las calles en busca del agua, en carretillas y transportes que se han ingeniado para los largos trayectos donde deben buscar el agua, hombres, mujeres, ni\u00f1os, abuelos se ven en las calles con botellas y garrafones, largando sus vidas cargando agua.<\/p>\n<p>William Rond\u00f3n, manifest\u00f3, \u00aben este sector tenemos m\u00e1s de ocho a\u00f1os sin agua, y ahorita nos defendemos con estos carritos que gracias a Dios improvisamos para llevar un poco de agua, para resolver en el hogar\u00bb.<\/p>\n<p>Mencion\u00f3 que buscan efectivo para comprar el agua, \u00abcon lo de los pozos profundos que algunos vecinos han hecho, resolvemos, le compramos cada tambor de agua en mil bol\u00edvares, tambi\u00e9n le carg\u00f3 agua\u00a0 a otros vecinos, y vendemos el tambor en tres mil bol\u00edvares, una manera de ayudarnos mutuamente. Anteriormente llegaba el agua un d\u00eda si un d\u00eda no, pero despu\u00e9s de ocho, nada de agua \u00ab, dijo Rond\u00f3n.<\/p>\n<p>Rond\u00f3n concluy\u00f3 diciendo, \u201cpor favor, pedimos a las autoridades gubernamentales, para que se acuerden est\u00e1 parroquia, que padecemos sin agua, para que arreglen el servicio de agua potable por tuber\u00eda, y se acuerden de que necesitamos que se restablezca urgente el servicio b\u00e1sico\u00bb.<\/p>\n<p>&nbsp;<\/p>\n<p><strong>Ivannia Moreno Palacios\/Nueva Prensa\u00a0<\/strong><\/p>\n","protected":false},"excerpt":{"rendered":"<p>La parroquia Agua Salada se ve bastante afectada con la carencia de agua potable, la comunidad Colinas de Los Pr\u00f3ceres, seg\u00fan sus habitantes tienen m\u00e1s de ocho a\u00f1os sin que llegue agua por tuber\u00edas. A diario los vecinos recorren las calles en busca del agua, en carretillas y transportes que se han ingeniado para los [&hellip;]<\/p>\n","protected":false},"author":2,"featured_media":206840,"comment_status":"closed","ping_status":"closed","sticky":false,"template":"","format":"standard","meta":{"footnotes":""},"categories":[2,5],"tags":[],"class_list":{"0":"post-206839","1":"post","2":"type-post","3":"status-publish","4":"format-standard","5":"has-post-thumbnail","7":"category-comunidad","8":"category-destacado"},"_links":{"self":[{"href":"https:\/\/elluchador.info\/index.php?rest_route=\/wp\/v2\/posts\/206839","targetHints":{"allow":["GET"]}}],"collection":[{"href":"https:\/\/elluchador.info\/index.php?rest_route=\/wp\/v2\/posts"}],"about":[{"href":"https:\/\/elluchador.info\/index.php?rest_route=\/wp\/v2\/types\/post"}],"author":[{"embeddable":true,"href":"https:\/\/elluchador.info\/index.php?rest_route=\/wp\/v2\/users\/2"}],"replies":[{"embeddable":true,"href":"https:\/\/elluchador.info\/index.php?rest_route=%2Fwp%2Fv2%2Fcomments&post=206839"}],"version-history":[{"count":1,"href":"https:\/\/elluchador.info\/index.php?rest_route=\/wp\/v2\/posts\/206839\/revisions"}],"predecessor-version":[{"id":206841,"href":"https:\/\/elluchador.info\/index.php?rest_route=\/wp\/v2\/posts\/206839\/revisions\/206841"}],"wp:featuredmedia":[{"embeddable":true,"href":"https:\/\/elluchador.info\/index.php?rest_route=\/wp\/v2\/media\/206840"}],"wp:attachment":[{"href":"https:\/\/elluchador.info\/index.php?rest_route=%2Fwp%2Fv2%2Fmedia&parent=206839"}],"wp:term":[{"taxonomy":"category","embeddable":true,"href":"https:\/\/elluchador.info\/index.php?rest_route=%2Fwp%2Fv2%2Fcategories&post=206839"},{"taxonomy":"post_tag","embeddable":true,"href":"https:\/\/elluchador.info\/index.php?rest_route=%2Fwp%2Fv2%2Ftags&post=206839"}],"curies":[{"name":"wp","href":"https:\/\/api.w.org\/{rel}","templated":true}]}}